{"id":18725,"date":"2026-08-31T14:51:09","date_gmt":"2026-08-31T13:51:09","guid":{"rendered":"https:\/\/nublo.tv\/?p=18725"},"modified":"2026-08-31T14:51:09","modified_gmt":"2026-08-31T13:51:09","slug":"el-ayuntamiento-reactiva-el-ascensor-publico-de-san-jose-en-las-palmas-de-gran-canaria","status":"publish","type":"post","link":"https:\/\/nublo.tv\/index.php\/2026\/08\/31\/el-ayuntamiento-reactiva-el-ascensor-publico-de-san-jose-en-las-palmas-de-gran-canaria\/","title":{"rendered":"El Ayuntamiento reactiva el ascensor p\u00fablico de San Jos\u00e9 en Las Palmas de Gran Canaria"},"content":{"rendered":"<p><strong>Las Palmas de Gran Canaria, 31 de agosto de 2026. El Ayuntamiento de Las Palmas de Gran Canaria ha reactivado el ascensor p\u00fablico de San Jos\u00e9.<\/strong><\/p>\n<p>El concejal de V\u00edas y Obras y Alumbrado, Carlos D\u00edaz, ha indicado que la puesta en marcha de este ascensor es un primer paso para recuperar el servicio en estas instalaciones, mientras se trabaja para que el resto de ascensores p\u00fablicos puedan volver a estar operativos.<\/p>\n<p>El Ayuntamiento ha adjudicado un contrato para la puesta en marcha, el mantenimiento y la conservaci\u00f3n de los ascensores situados en la v\u00eda p\u00fablica, que incluye tambi\u00e9n las inspecciones obligatorias por parte de los Organismos de Control Autorizados (OCA).<\/p>\n<p>El servicio tiene un presupuesto de 15.461,50 euros y un plazo de ejecuci\u00f3n de cinco meses.<\/p>\n","protected":false},"excerpt":{"rendered":"<p>Las Palmas de Gran Canaria, 31 de agosto de 2026. El Ayuntamiento de Las Palmas de Gran Canaria ha vuelto a poner en funcionamiento el ascensor p\u00fablico de San Jos\u00e9.El&hellip;<\/p>\n","protected":false},"author":1,"featured_media":18732,"comment_status":"open","ping_status":"open","sticky":false,"template":"","format":"standard","meta":{"wpai_generated_summary":"","wpai_meta_description":"","footnotes":""},"categories":[132],"tags":[],"class_list":["post-18725","post","type-post","status-publish","format-standard","has-post-thumbnail","hentry","category-ayuntamiento-de-las-palmas-de-gran-canaria"],"_links":{"self":[{"href":"https:\/\/nublo.tv\/index.php\/wp-json\/wp\/v2\/posts\/18725","targetHints":{"allow":["GET"]}}],"collection":[{"href":"https:\/\/nublo.tv\/index.php\/wp-json\/wp\/v2\/posts"}],"about":[{"href":"https:\/\/nublo.tv\/index.php\/wp-json\/wp\/v2\/types\/post"}],"author":[{"embeddable":true,"href":"https:\/\/nublo.tv\/index.php\/wp-json\/wp\/v2\/users\/1"}],"replies":[{"embeddable":true,"href":"https:\/\/nublo.tv\/index.php\/wp-json\/wp\/v2\/comments?post=18725"}],"version-history":[{"count":2,"href":"https:\/\/nublo.tv\/index.php\/wp-json\/wp\/v2\/posts\/18725\/revisions"}],"predecessor-version":[{"id":18731,"href":"https:\/\/nublo.tv\/index.php\/wp-json\/wp\/v2\/posts\/18725\/revisions\/18731"}],"wp:featuredmedia":[{"embeddable":true,"href":"https:\/\/nublo.tv\/index.php\/wp-json\/wp\/v2\/media\/18732"}],"wp:attachment":[{"href":"https:\/\/nublo.tv\/index.php\/wp-json\/wp\/v2\/media?parent=18725"}],"wp:term":[{"taxonomy":"category","embeddable":true,"href":"https:\/\/nublo.tv\/index.php\/wp-json\/wp\/v2\/categories?post=18725"},{"taxonomy":"post_tag","embeddable":true,"href":"https:\/\/nublo.tv\/index.php\/wp-json\/wp\/v2\/tags?post=18725"}],"curies":[{"name":"wp","href":"https:\/\/api.w.org\/{rel}","templated":true}]}}