{"id":18727,"date":"2026-09-02T21:30:16","date_gmt":"2026-09-02T20:30:16","guid":{"rendered":"https:\/\/nublo.tv\/?p=18727"},"modified":"2026-09-02T21:54:17","modified_gmt":"2026-09-02T20:54:17","slug":"el-amagro-de-oro-se-estrena-con-teodoro-sosa-por-su-compromiso-con-el-barrio","status":"publish","type":"post","link":"https:\/\/nublo.tv\/index.php\/2026\/09\/02\/el-amagro-de-oro-se-estrena-con-teodoro-sosa-por-su-compromiso-con-el-barrio\/","title":{"rendered":"El \u2018Amagro de Oro\u2019 se estrena con Teodoro Sosa por su compromiso con el barrio"},"content":{"rendered":"<p><em>La A.V. \u2018Amagro\u2019 entrega este viernes al alcalde de G\u00e1ldar la primera edici\u00f3n de una distinci\u00f3n que nace para reconocer el compromiso con Barrial y su comunidad<\/em><\/p>\n<p>Barrial vivir\u00e1 este viernes uno de los momentos m\u00e1s destacados de sus fiestas en honor a Nuestra Se\u00f1ora de los Desamparados con el estreno del \u2018Amagro de Oro\u2019, una nueva distinci\u00f3n impulsada por la Asociaci\u00f3n de Vecinos \u2018Amagro\u2019 que nace con la intenci\u00f3n de reconocer p\u00fablicamente a personas que hayan mantenido un especial compromiso con el barrio y con su desarrollo.<\/p>\n<p>El primer reconocimiento recaer\u00e1 en el alcalde de G\u00e1ldar, Teodoro Sosa Monz\u00f3n, que recibir\u00e1 el \u2018Amagro de Oro\u2019 durante un acto que comenzar\u00e1 a las 21:30 horas en la Plaza Jos\u00e9 Rodr\u00edguez Quintana, convirti\u00e9ndose en la primera persona en incorporarse al palmar\u00e9s de esta nueva distinci\u00f3n.<\/p>\n<p>La creaci\u00f3n del galard\u00f3n supone una novedad dentro de la trayectoria de la asociaci\u00f3n vecinal y responde a la voluntad de poner en valor aquellas personas que, desde diferentes \u00e1mbitos, han contribuido a fortalecer la vida social, cultural y comunitaria de Barrial.<\/p>\n<p>El presidente de la A.V. \u2018Amagro\u2019, Pepe Garc\u00eda, explica que el reconocimiento \u201cnace de la necesidad de agradecer y poner en valor a quienes han estado cerca de Barrial y han contribuido a que nuestro barrio siga creciendo\u201d. Para Garc\u00eda, \u201cdetr\u00e1s de cada avance hay muchas personas, colectivos y vecinos que han dedicado su tiempo y esfuerzo a la comunidad, y creemos que tambi\u00e9n es importante reconocer p\u00fablicamente ese compromiso\u201d.<\/p>\n<p>Sobre la elecci\u00f3n de Teodoro Sosa como primer destinatario del \u2018Amagro de Oro\u2019, el presidente vecinal destaca \u201cla cercan\u00eda y colaboraci\u00f3n que ha mantenido con Barrial y con su movimiento vecinal durante todos estos a\u00f1os\u201d. Garc\u00eda se\u00f1ala que \u201ceste primer Amagro de Oro es un reconocimiento a esa trayectoria, pero tambi\u00e9n una forma de poner en valor la importancia que tienen las relaciones entre las instituciones y los barrios\u201d.<\/p>\n<p>El presidente de la asociaci\u00f3n considera adem\u00e1s que el nuevo galard\u00f3n debe mirar hacia el futuro y convertirse en \u201cun reconocimiento de Barrial para aquellas personas que hayan dejado una huella positiva en nuestra comunidad\u201d. La intenci\u00f3n es que futuras ediciones permitan distinguir diferentes trayectorias relacionadas con la cultura, las tradiciones, la participaci\u00f3n ciudadana, el compromiso social y el desarrollo del barrio.<\/p>\n<p>El propio nombre del galard\u00f3n mantiene ese v\u00ednculo con el territorio. El Amagro, uno de los referentes paisaj\u00edsticos de G\u00e1ldar, sirve de inspiraci\u00f3n para una distinci\u00f3n que pretende representar los valores de identidad, pertenencia y arraigo que forman parte de la historia de Barrial.<\/p>\n<p>La entrega del \u2018Amagro de Oro\u2019 estar\u00e1 acompa\u00f1ada de una noche musical en la Plaza Jos\u00e9 Rodr\u00edguez Quintana. La Parranda Araguaney y Amanda Velasco ser\u00e1n las encargadas de poner m\u00fasica a una velada que combinar\u00e1 reconocimiento, cultura y convivencia vecinal.<\/p>\n<p>El acto se suma as\u00ed a una programaci\u00f3n festiva que contin\u00faa llevando la actividad a las calles y plazas de Barrial y que, en esta ocasi\u00f3n, tendr\u00e1 como uno de sus principales atractivos el nacimiento de una distinci\u00f3n llamada a formar parte de la memoria del barrio.<\/p>\n<p>Con Teodoro Sosa como primer homenajeado, el \u2018Amagro de Oro\u2019 inicia su recorrido con el prop\u00f3sito de reconocer p\u00fablicamente a quienes han contribuido al presente y al futuro de Barrial. La cita ser\u00e1 este viernes, a partir de las 21:30 horas, en la Plaza Jos\u00e9 Rodr\u00edguez Quintana, en una noche que tendr\u00e1 como protagonistas el reconocimiento, la m\u00fasica y el encuentro entre vecinos.<\/p>\n<p>&nbsp;<\/p>\n","protected":false},"excerpt":{"rendered":"<p>La A.V. \u2018Amagro\u2019 entrega este viernes al alcalde de G\u00e1ldar la primera edici\u00f3n de una distinci\u00f3n que nace para reconocer el compromiso con Barrial y su comunidad Barrial vivir\u00e1 este viernes uno de los momentos m\u00e1s destacados de sus fiestas en honor a Nuestra Se\u00f1ora de los Desamparados con el estreno del \u2018Amagro de Oro\u2019, [&hellip;]<\/p>\n","protected":false},"author":50,"featured_media":18747,"comment_status":"open","ping_status":"open","sticky":false,"template":"","format":"standard","meta":{"wpai_generated_summary":"","wpai_meta_description":"","footnotes":""},"categories":[153],"tags":[],"class_list":["post-18727","post","type-post","status-publish","format-standard","has-post-thumbnail","hentry","category-galdar"],"_links":{"self":[{"href":"https:\/\/nublo.tv\/index.php\/wp-json\/wp\/v2\/posts\/18727","targetHints":{"allow":["GET"]}}],"collection":[{"href":"https:\/\/nublo.tv\/index.php\/wp-json\/wp\/v2\/posts"}],"about":[{"href":"https:\/\/nublo.tv\/index.php\/wp-json\/wp\/v2\/types\/post"}],"author":[{"embeddable":true,"href":"https:\/\/nublo.tv\/index.php\/wp-json\/wp\/v2\/users\/50"}],"replies":[{"embeddable":true,"href":"https:\/\/nublo.tv\/index.php\/wp-json\/wp\/v2\/comments?post=18727"}],"version-history":[{"count":1,"href":"https:\/\/nublo.tv\/index.php\/wp-json\/wp\/v2\/posts\/18727\/revisions"}],"predecessor-version":[{"id":18749,"href":"https:\/\/nublo.tv\/index.php\/wp-json\/wp\/v2\/posts\/18727\/revisions\/18749"}],"wp:featuredmedia":[{"embeddable":true,"href":"https:\/\/nublo.tv\/index.php\/wp-json\/wp\/v2\/media\/18747"}],"wp:attachment":[{"href":"https:\/\/nublo.tv\/index.php\/wp-json\/wp\/v2\/media?parent=18727"}],"wp:term":[{"taxonomy":"category","embeddable":true,"href":"https:\/\/nublo.tv\/index.php\/wp-json\/wp\/v2\/categories?post=18727"},{"taxonomy":"post_tag","embeddable":true,"href":"https:\/\/nublo.tv\/index.php\/wp-json\/wp\/v2\/tags?post=18727"}],"curies":[{"name":"wp","href":"https:\/\/api.w.org\/{rel}","templated":true}]}}