{"id":18740,"date":"2026-08-31T15:23:23","date_gmt":"2026-08-31T14:23:23","guid":{"rendered":"https:\/\/nublo.tv\/?p=18740"},"modified":"2026-08-31T15:30:59","modified_gmt":"2026-08-31T14:30:59","slug":"el-gobierno-de-canarias-respalda-la-creacion-de-un-tribunal-de-instancia-en-santa-lucia-de-tirajana","status":"publish","type":"post","link":"https:\/\/nublo.tv\/index.php\/2026\/08\/31\/el-gobierno-de-canarias-respalda-la-creacion-de-un-tribunal-de-instancia-en-santa-lucia-de-tirajana\/","title":{"rendered":"Gobierno de Canarias respalda la creaci\u00f3n del Tribunal de Instancia en Santa Luc\u00eda de Tirajana"},"content":{"rendered":"<p><strong>El Gobierno de Canarias ha respaldado la creaci\u00f3n de un Tribunal de Instancia en Santa Luc\u00eda de Tirajana, anunciada el lunes 31 de agosto de 2026.<\/strong><\/p>\n<p>El presidente de Canarias, Fernando Clavijo, se reuni\u00f3 en la sede de la Presidencia con el alcalde Francisco Garc\u00eda y la consejera de Justicia, Nieves Leidi Barreto, para abordar el proyecto.<\/p>\n<p>El alcalde explic\u00f3 que el Ayuntamiento dispone de una parcela de suelo p\u00fablico que podr\u00eda ceder al Gobierno de Canarias para construir el tribunal.<\/p>\n<p>La petici\u00f3n se remonta a m\u00e1s de veinte a\u00f1os y la creaci\u00f3n del \u00f3rgano judicial es posible porque est\u00e1 contemplada en la Ley Org\u00e1nica de Eficiencia del Servicio P\u00fablico de Justicia, aprobada en enero de 2025.<\/p>\n<p>Seg\u00fan la ley, el tribunal contar\u00e1 con una Secci\u00f3n \u00danica de Civil, Instrucci\u00f3n y Violencia sobre la Mujer.<\/p>\n<p>En mayo de 2025 la consejera Barreto inform\u00f3 al alcalde que el Ministerio de Justicia no ten\u00eda prevista la creaci\u00f3n de nuevos \u00f3rganos judiciales.<\/p>\n<p>En el encuentro de este lunes, Clavijo reafirm\u00f3 el compromiso del Ejecutivo auton\u00f3mico con el proyecto.<\/p>\n","protected":false},"excerpt":{"rendered":"<p>Emprendedores y emprendedoras del municipio participan en el Gran Prix de Ventas y Visibilidad<\/p>\n","protected":false},"author":1,"featured_media":18758,"comment_status":"open","ping_status":"open","sticky":false,"template":"","format":"standard","meta":{"wpai_generated_summary":"","wpai_meta_description":"","footnotes":""},"categories":[137],"tags":[],"class_list":["post-18740","post","type-post","status-publish","format-standard","has-post-thumbnail","hentry","category-ayuntamiento-de-santa-lucia-de-tirajana"],"_links":{"self":[{"href":"https:\/\/nublo.tv\/index.php\/wp-json\/wp\/v2\/posts\/18740","targetHints":{"allow":["GET"]}}],"collection":[{"href":"https:\/\/nublo.tv\/index.php\/wp-json\/wp\/v2\/posts"}],"about":[{"href":"https:\/\/nublo.tv\/index.php\/wp-json\/wp\/v2\/types\/post"}],"author":[{"embeddable":true,"href":"https:\/\/nublo.tv\/index.php\/wp-json\/wp\/v2\/users\/1"}],"replies":[{"embeddable":true,"href":"https:\/\/nublo.tv\/index.php\/wp-json\/wp\/v2\/comments?post=18740"}],"version-history":[{"count":8,"href":"https:\/\/nublo.tv\/index.php\/wp-json\/wp\/v2\/posts\/18740\/revisions"}],"predecessor-version":[{"id":18757,"href":"https:\/\/nublo.tv\/index.php\/wp-json\/wp\/v2\/posts\/18740\/revisions\/18757"}],"wp:featuredmedia":[{"embeddable":true,"href":"https:\/\/nublo.tv\/index.php\/wp-json\/wp\/v2\/media\/18758"}],"wp:attachment":[{"href":"https:\/\/nublo.tv\/index.php\/wp-json\/wp\/v2\/media?parent=18740"}],"wp:term":[{"taxonomy":"category","embeddable":true,"href":"https:\/\/nublo.tv\/index.php\/wp-json\/wp\/v2\/categories?post=18740"},{"taxonomy":"post_tag","embeddable":true,"href":"https:\/\/nublo.tv\/index.php\/wp-json\/wp\/v2\/tags?post=18740"}],"curies":[{"name":"wp","href":"https:\/\/api.w.org\/{rel}","templated":true}]}}