{"id":18762,"date":"2026-08-31T17:27:57","date_gmt":"2026-08-31T16:27:57","guid":{"rendered":"https:\/\/nublo.tv\/?p=18762"},"modified":"2026-08-31T17:27:57","modified_gmt":"2026-08-31T16:27:57","slug":"el-ayuntamiento-de-las-palmas-de-gran-canaria-convoca-139-plazas-de-promocion-interna-para-el-seis","status":"publish","type":"post","link":"https:\/\/nublo.tv\/index.php\/2026\/08\/31\/el-ayuntamiento-de-las-palmas-de-gran-canaria-convoca-139-plazas-de-promocion-interna-para-el-seis\/","title":{"rendered":"El Ayuntamiento de Las Palmas de Gran Canaria convoca 139 plazas de promoci\u00f3n interna para el SEIS"},"content":{"rendered":"<p><strong>El Ayuntamiento de Las Palmas de Gran Canaria ha publicado dos convocatorias de promoci\u00f3n interna para cubrir 139 plazas en el Servicio de Extinci\u00f3n de Incendios y Salvamento (SEIS), dentro del proceso de reclasificaci\u00f3n de Bomberos del subgrupo C2 al C1.<\/strong><\/p>\n<p>Las plazas se distribuyen en 108 para Bombero y Bombera Especialista (Grupo C, Subgrupo C1) y 31 para Cabo Mayor de Bomberos (Grupo C, Subgrupo C1), y est\u00e1n dirigidas a efectivos que ya forman parte del cuerpo.<\/p>\n<p>El plazo de presentaci\u00f3n de solicitudes ser\u00e1 de 20 d\u00edas h\u00e1biles desde el d\u00eda siguiente a la publicaci\u00f3n de los extractos de las convocatorias en el Bolet\u00edn Oficial del Estado (BOE).<\/p>\n<p>La concejala de Recursos Humanos, Esther Mart\u00edn, ha destacado que estas convocatorias supondr\u00e1n \u00abun nuevo paso en el proceso de reclasificaci\u00f3n de los puestos de Bomberos y en la progresi\u00f3n profesional del personal municipal\u00bb. Mart\u00edn ha a\u00f1adido que el paso del subgrupo C2 al C1 \u00abreconoce la cualificaci\u00f3n, la responsabilidad y la experiencia de los profesionales\u00bb del servicio.<\/p>\n<p>El concejal de Seguridad, Josu\u00e9 \u00cd\u00f1iguez, ha subrayado que estas medidas permiten \u00abavanzar en la organizaci\u00f3n del SEIS\u00bb y garantizar \u00abuna estructura preparada para ofrecer una respuesta eficaz ante emergencias\u00bb.<\/p>\n<p>Para las 108 plazas de Bombero y Bombera Especialista, se exigir\u00e1 ser funcionario de carrera del Ayuntamiento, acreditar al menos dos a\u00f1os de servicio activo como Agente de Bombero (Subgrupo C2) y disponer de t\u00edtulo de Bachiller, Formaci\u00f3n Profesional de Grado Medio o Superior, o equivalente.<\/p>\n<p>Para las 31 plazas de Cabo Mayor de Bomberos, los aspirantes deber\u00e1n ser funcionarios de carrera, acreditar dos a\u00f1os de servicio activo como Cabo de Bomberos (Subgrupo C2) y cumplir los requisitos de titulaci\u00f3n y capacidad funcional establecidos.<\/p>\n<p>Las bases completas ya est\u00e1n disponibles en el Bolet\u00edn Oficial de la Provincia (BOP) de Las Palmas n\u00famero 103 (28 de agosto de 2026) y en la sede electr\u00f3nica del Ayuntamiento. Las solicitudes se tramitar\u00e1n de forma telem\u00e1tica a trav\u00e9s de la sede electr\u00f3nica municipal (http:\/\/www.laspalmasgc.es\/es\/online\/sede-electronica\/), donde se deber\u00e1 aportar la declaraci\u00f3n responsable y el justificante del pago de la tasa por derechos de examen. Todas las comunicaciones y listas de admitidos se publicar\u00e1n en la web municipal tras el anuncio en el BOE.<\/p>\n","protected":false},"excerpt":{"rendered":"<p>Los procesos permitir\u00e1n la promoci\u00f3n profesional de efectivos que ya forman parte del cuerpo, con 108 plazas de Bombero y Bombera Especialista y 31 de Cabo Mayor El plazo de&hellip;<\/p>\n","protected":false},"author":1,"featured_media":18797,"comment_status":"open","ping_status":"open","sticky":false,"template":"","format":"standard","meta":{"wpai_generated_summary":"","wpai_meta_description":"","footnotes":""},"categories":[132],"tags":[],"class_list":["post-18762","post","type-post","status-publish","format-standard","has-post-thumbnail","hentry","category-ayuntamiento-de-las-palmas-de-gran-canaria"],"_links":{"self":[{"href":"https:\/\/nublo.tv\/index.php\/wp-json\/wp\/v2\/posts\/18762","targetHints":{"allow":["GET"]}}],"collection":[{"href":"https:\/\/nublo.tv\/index.php\/wp-json\/wp\/v2\/posts"}],"about":[{"href":"https:\/\/nublo.tv\/index.php\/wp-json\/wp\/v2\/types\/post"}],"author":[{"embeddable":true,"href":"https:\/\/nublo.tv\/index.php\/wp-json\/wp\/v2\/users\/1"}],"replies":[{"embeddable":true,"href":"https:\/\/nublo.tv\/index.php\/wp-json\/wp\/v2\/comments?post=18762"}],"version-history":[{"count":2,"href":"https:\/\/nublo.tv\/index.php\/wp-json\/wp\/v2\/posts\/18762\/revisions"}],"predecessor-version":[{"id":18796,"href":"https:\/\/nublo.tv\/index.php\/wp-json\/wp\/v2\/posts\/18762\/revisions\/18796"}],"wp:featuredmedia":[{"embeddable":true,"href":"https:\/\/nublo.tv\/index.php\/wp-json\/wp\/v2\/media\/18797"}],"wp:attachment":[{"href":"https:\/\/nublo.tv\/index.php\/wp-json\/wp\/v2\/media?parent=18762"}],"wp:term":[{"taxonomy":"category","embeddable":true,"href":"https:\/\/nublo.tv\/index.php\/wp-json\/wp\/v2\/categories?post=18762"},{"taxonomy":"post_tag","embeddable":true,"href":"https:\/\/nublo.tv\/index.php\/wp-json\/wp\/v2\/tags?post=18762"}],"curies":[{"name":"wp","href":"https:\/\/api.w.org\/{rel}","templated":true}]}}