{"id":18767,"date":"2026-08-31T17:28:03","date_gmt":"2026-08-31T16:28:03","guid":{"rendered":"https:\/\/nublo.tv\/?p=18767"},"modified":"2026-08-31T17:28:03","modified_gmt":"2026-08-31T16:28:03","slug":"el-gobierno-de-canarias-subvenciona-con-100-000-euros-un-jardin-vertical-y-elementos-urbanos-en-tejeda","status":"publish","type":"post","link":"https:\/\/nublo.tv\/index.php\/2026\/08\/31\/el-gobierno-de-canarias-subvenciona-con-100-000-euros-un-jardin-vertical-y-elementos-urbanos-en-tejeda\/","title":{"rendered":"El Gobierno de Canarias subvenciona con 100.000 euros un jard\u00edn vertical y elementos urbanos en Tejeda"},"content":{"rendered":"<p><strong>La Consejer\u00eda de Turismo y Empleo del Gobierno de Canarias ha concedido al Ayuntamiento de Tejeda una subvenci\u00f3n de 100.000 euros para ejecutar un jard\u00edn vertical y otros elementos urbanos en el municipio.<\/strong><\/p>\n<p><img loading=\"lazy\" decoding=\"async\" class=\"wp-image-32603\" title=\"Ejecuci\u00f3n de Jard\u00edn vertical y otros elementos urbanos en Tejeda\" src=\"https:\/\/tejeda.eu\/wp-content\/uploads\/2026\/08\/SubvencionJardinVerticalWEB.png\" alt=\"\" width=\"1200\" height=\"643\" \/><\/p>\n<p>La ayuda, gestionada por la Direcci\u00f3n General de Infraestructura, Sostenibilidad y Calidad Tur\u00edstica, est\u00e1 consignada en la aplicaci\u00f3n presupuestaria 16.05.432B 750.04 \u00abSubvenciones a Ayuntamientos y sus OO.AA.\u00bb, con el c\u00f3digo PILA 217G0395.<\/p>\n<p>El objeto de la subvenci\u00f3n es financiar actuaciones en el marco del programa \u00abPueblos m\u00e1s Bonitos de Espa\u00f1a en Canarias\u00bb.<\/p>\n","protected":false},"excerpt":{"rendered":"<p>Se informa de la concesi\u00f3n de forma directa, por parte de la Consejer\u00eda de Turismo y Empleo del Gobierno de Canarias, Direcci\u00f3n General de Infraestructura, Sostenibilidad y Calidad Tur\u00edstica, la&hellip;<\/p>\n","protected":false},"author":1,"featured_media":18799,"comment_status":"open","ping_status":"open","sticky":false,"template":"","format":"standard","meta":{"wpai_generated_summary":"","wpai_meta_description":"","footnotes":""},"categories":[139],"tags":[],"class_list":["post-18767","post","type-post","status-publish","format-standard","has-post-thumbnail","hentry","category-ayuntamiento-de-tejeda"],"_links":{"self":[{"href":"https:\/\/nublo.tv\/index.php\/wp-json\/wp\/v2\/posts\/18767","targetHints":{"allow":["GET"]}}],"collection":[{"href":"https:\/\/nublo.tv\/index.php\/wp-json\/wp\/v2\/posts"}],"about":[{"href":"https:\/\/nublo.tv\/index.php\/wp-json\/wp\/v2\/types\/post"}],"author":[{"embeddable":true,"href":"https:\/\/nublo.tv\/index.php\/wp-json\/wp\/v2\/users\/1"}],"replies":[{"embeddable":true,"href":"https:\/\/nublo.tv\/index.php\/wp-json\/wp\/v2\/comments?post=18767"}],"version-history":[{"count":2,"href":"https:\/\/nublo.tv\/index.php\/wp-json\/wp\/v2\/posts\/18767\/revisions"}],"predecessor-version":[{"id":18798,"href":"https:\/\/nublo.tv\/index.php\/wp-json\/wp\/v2\/posts\/18767\/revisions\/18798"}],"wp:featuredmedia":[{"embeddable":true,"href":"https:\/\/nublo.tv\/index.php\/wp-json\/wp\/v2\/media\/18799"}],"wp:attachment":[{"href":"https:\/\/nublo.tv\/index.php\/wp-json\/wp\/v2\/media?parent=18767"}],"wp:term":[{"taxonomy":"category","embeddable":true,"href":"https:\/\/nublo.tv\/index.php\/wp-json\/wp\/v2\/categories?post=18767"},{"taxonomy":"post_tag","embeddable":true,"href":"https:\/\/nublo.tv\/index.php\/wp-json\/wp\/v2\/tags?post=18767"}],"curies":[{"name":"wp","href":"https:\/\/api.w.org\/{rel}","templated":true}]}}