{"id":18770,"date":"2026-08-31T17:32:25","date_gmt":"2026-08-31T16:32:25","guid":{"rendered":"https:\/\/nublo.tv\/?p=18770"},"modified":"2026-08-31T17:32:25","modified_gmt":"2026-08-31T16:32:25","slug":"la-ud-las-palmas-retoma-los-entrenamientos-tras-el-partido-ante-el-girona","status":"publish","type":"post","link":"https:\/\/nublo.tv\/index.php\/2026\/08\/31\/la-ud-las-palmas-retoma-los-entrenamientos-tras-el-partido-ante-el-girona\/","title":{"rendered":"La UD Las Palmas retoma los entrenamientos tras el partido ante el Girona"},"content":{"rendered":"<p><strong>La UD Las Palmas volvi\u00f3 este lunes a los entrenamientos en la Ciudad Deportiva de Barranco Seco tras el partido del fin de semana contra el Girona FC.<\/strong><\/p>\n<p>La sesi\u00f3n comenz\u00f3 con ejercicios de movilidad con vallas, seguidos de un rondo de 7 contra 2.<\/p>\n<p>Despu\u00e9s, el equipo trabaj\u00f3 un juego de posici\u00f3n con tres equipos y comodines, enfocado en la circulaci\u00f3n y conservaci\u00f3n del bal\u00f3n.<\/p>\n<p>La plantilla realiz\u00f3 oleadas que combinaron carrera y trabajo f\u00edsico, y cerr\u00f3 con partidos reducidos de 6 contra 6 para trabajar conceptos t\u00e1cticos en espacios peque\u00f1os.<\/p>\n<p>El equipo prepara desde este lunes su pr\u00f3ximo partido de Liga, en el que recibir\u00e1 al CD Legan\u00e9s en el Estadio Gran Canaria.<\/p>\n","protected":false},"excerpt":{"rendered":"<p>La UD Las Palmas regres\u00f3 este lunes al trabajo en la Ciudad Deportiva de Barranco Seco despu\u00e9s del encuentro disputado este fin de semana ante el Girona FC. La sesi\u00f3n&hellip;<\/p>\n","protected":false},"author":1,"featured_media":18771,"comment_status":"open","ping_status":"open","sticky":false,"template":"","format":"standard","meta":{"wpai_generated_summary":"","wpai_meta_description":"","footnotes":""},"categories":[122],"tags":[],"class_list":["post-18770","post","type-post","status-publish","format-standard","has-post-thumbnail","hentry","category-deportes"],"_links":{"self":[{"href":"https:\/\/nublo.tv\/index.php\/wp-json\/wp\/v2\/posts\/18770","targetHints":{"allow":["GET"]}}],"collection":[{"href":"https:\/\/nublo.tv\/index.php\/wp-json\/wp\/v2\/posts"}],"about":[{"href":"https:\/\/nublo.tv\/index.php\/wp-json\/wp\/v2\/types\/post"}],"author":[{"embeddable":true,"href":"https:\/\/nublo.tv\/index.php\/wp-json\/wp\/v2\/users\/1"}],"replies":[{"embeddable":true,"href":"https:\/\/nublo.tv\/index.php\/wp-json\/wp\/v2\/comments?post=18770"}],"version-history":[{"count":3,"href":"https:\/\/nublo.tv\/index.php\/wp-json\/wp\/v2\/posts\/18770\/revisions"}],"predecessor-version":[{"id":18804,"href":"https:\/\/nublo.tv\/index.php\/wp-json\/wp\/v2\/posts\/18770\/revisions\/18804"}],"wp:featuredmedia":[{"embeddable":true,"href":"https:\/\/nublo.tv\/index.php\/wp-json\/wp\/v2\/media\/18771"}],"wp:attachment":[{"href":"https:\/\/nublo.tv\/index.php\/wp-json\/wp\/v2\/media?parent=18770"}],"wp:term":[{"taxonomy":"category","embeddable":true,"href":"https:\/\/nublo.tv\/index.php\/wp-json\/wp\/v2\/categories?post=18770"},{"taxonomy":"post_tag","embeddable":true,"href":"https:\/\/nublo.tv\/index.php\/wp-json\/wp\/v2\/tags?post=18770"}],"curies":[{"name":"wp","href":"https:\/\/api.w.org\/{rel}","templated":true}]}}