{"id":18772,"date":"2026-08-31T22:04:09","date_gmt":"2026-08-31T21:04:09","guid":{"rendered":"https:\/\/nublo.tv\/?p=18772"},"modified":"2026-09-01T07:43:35","modified_gmt":"2026-09-01T06:43:35","slug":"el-cabildo-de-gran-canaria-reorganiza-el-transporte-en-el-norte-y-oeste-para-el-nuevo-curso-escolar","status":"publish","type":"post","link":"https:\/\/nublo.tv\/index.php\/2026\/08\/31\/el-cabildo-de-gran-canaria-reorganiza-el-transporte-en-el-norte-y-oeste-para-el-nuevo-curso-escolar\/","title":{"rendered":"El Cabildo de Gran Canaria reorganiza el transporte en el norte y oeste para el nuevo curso escolar"},"content":{"rendered":"<p data-path-to-node=\"1\">El Cabildo de Gran Canaria, a trav\u00e9s de la Autoridad \u00danica del Transporte (AUTGC), ha anunciado la reorganizaci\u00f3n de los servicios de transporte p\u00fablico en las comarcas del norte y oeste para adaptarlos al inicio del curso escolar. La medida optimizar\u00e1 las salidas de los institutos de Gu\u00eda y G\u00e1ldar y consolidar\u00e1 las rutas expr\u00e9s hacia Agaete y La Aldea.<\/p>\n<p data-path-to-node=\"2\">El consejero insular de Presidencia y Movilidad Sostenible, Teodoro Sosa, ha destacado que esta adaptaci\u00f3n permite responder a las demandas educativas \u00absin perder de vista al conjunto de la ciudadan\u00eda\u00bb, buscando \u00abordenar mejor las salidas, aprovechar los recursos y ofrecer conexiones m\u00e1s ajustadas\u00bb.<\/p>\n<p data-path-to-node=\"3\"><b data-path-to-node=\"3\" data-index-in-node=\"0\">Reorganizaci\u00f3n de salidas desde los institutos<\/b> Para especializar los trayectos seg\u00fan el lugar de residencia de los estudiantes, las expediciones de regreso se distribuir\u00e1n de la siguiente manera:<\/p>\n<ul data-path-to-node=\"4\">\n<li>\n<p data-path-to-node=\"4,0,0\"><b data-path-to-node=\"4,0,0\" data-index-in-node=\"0\">L\u00ednea 401 (14:15 h):<\/b> Mantiene su ruta habitual con destino a Sardina.<\/p>\n<\/li>\n<li>\n<p data-path-to-node=\"4,1,0\"><b data-path-to-node=\"4,1,0\" data-index-in-node=\"0\">L\u00ednea 102 (14:15 h):<\/b> Partir\u00e1 desde los institutos de Gu\u00eda hacia el Valle de Agaete, dando cobertura al centro de G\u00e1ldar, San Isidro, Piso Firme y Agaete.<\/p>\n<\/li>\n<li>\n<p data-path-to-node=\"4,2,0\"><b data-path-to-node=\"4,2,0\" data-index-in-node=\"0\">L\u00ednea 106 (14:20 h):<\/b> Conectar\u00e1 los centros educativos con Fagajesto, el centro de G\u00e1ldar, San Isidro y las median\u00edas del municipio.<\/p>\n<\/li>\n<\/ul>\n<p data-path-to-node=\"5\"><b data-path-to-node=\"5\" data-index-in-node=\"0\">Consolidaci\u00f3n del servicio expr\u00e9s a La Aldea<\/b> El plan del Cabildo da continuidad al modelo de transporte r\u00e1pido implementado durante el mes de agosto para acortar las distancias con La Aldea, el municipio m\u00e1s alejado del corredor. Las conexiones de la l\u00ednea 101 en formato expr\u00e9s quedan fijadas de la siguiente forma:<\/p>\n<ul data-path-to-node=\"6\">\n<li>\n<p data-path-to-node=\"6,0,0\"><b data-path-to-node=\"6,0,0\" data-index-in-node=\"0\">Sentido La Aldea:<\/b> Salida a las 14:35 horas desde la estaci\u00f3n de G\u00e1ldar, con parada t\u00e9cnica en Agaete.<\/p>\n<\/li>\n<li>\n<p data-path-to-node=\"6,1,0\"><b data-path-to-node=\"6,1,0\" data-index-in-node=\"0\">Sentido G\u00e1ldar:<\/b> Regreso a las 15:50 horas desde La Aldea, tambi\u00e9n con parada en Agaete.<\/p>\n<\/li>\n<\/ul>\n<p data-path-to-node=\"7\">Los escolares procedentes de los institutos con destino a La Aldea realizar\u00e1n un \u00fanico transbordo en la estaci\u00f3n de G\u00e1ldar para enlazar con esta l\u00ednea r\u00e1pida, concentrando la espera en el tramo de mayor recorrido. La corporaci\u00f3n insular recuerda que esta conexi\u00f3n expr\u00e9s no es exclusiva para estudiantes y estar\u00e1 operativa para cualquier usuario de la red p\u00fablica, reduciendo significativamente los tiempos de desplazamiento en la comarca norte.<\/p>\n","protected":false},"excerpt":{"rendered":"<p>El Cabildo reorganiza el transporte p\u00fablico en el norte y oeste de Gran Canaria para mejorar las conexiones durante el curso escolar La Autoridad \u00danica del Transporte adapta las salidas&hellip;<\/p>\n","protected":false},"author":1,"featured_media":18836,"comment_status":"open","ping_status":"open","sticky":false,"template":"","format":"standard","meta":{"wpai_generated_summary":"","wpai_meta_description":"","footnotes":""},"categories":[148],"tags":[],"class_list":["post-18772","post","type-post","status-publish","format-standard","has-post-thumbnail","hentry","category-cabildo-de-gran-canaria"],"_links":{"self":[{"href":"https:\/\/nublo.tv\/index.php\/wp-json\/wp\/v2\/posts\/18772","targetHints":{"allow":["GET"]}}],"collection":[{"href":"https:\/\/nublo.tv\/index.php\/wp-json\/wp\/v2\/posts"}],"about":[{"href":"https:\/\/nublo.tv\/index.php\/wp-json\/wp\/v2\/types\/post"}],"author":[{"embeddable":true,"href":"https:\/\/nublo.tv\/index.php\/wp-json\/wp\/v2\/users\/1"}],"replies":[{"embeddable":true,"href":"https:\/\/nublo.tv\/index.php\/wp-json\/wp\/v2\/comments?post=18772"}],"version-history":[{"count":3,"href":"https:\/\/nublo.tv\/index.php\/wp-json\/wp\/v2\/posts\/18772\/revisions"}],"predecessor-version":[{"id":18846,"href":"https:\/\/nublo.tv\/index.php\/wp-json\/wp\/v2\/posts\/18772\/revisions\/18846"}],"wp:featuredmedia":[{"embeddable":true,"href":"https:\/\/nublo.tv\/index.php\/wp-json\/wp\/v2\/media\/18836"}],"wp:attachment":[{"href":"https:\/\/nublo.tv\/index.php\/wp-json\/wp\/v2\/media?parent=18772"}],"wp:term":[{"taxonomy":"category","embeddable":true,"href":"https:\/\/nublo.tv\/index.php\/wp-json\/wp\/v2\/categories?post=18772"},{"taxonomy":"post_tag","embeddable":true,"href":"https:\/\/nublo.tv\/index.php\/wp-json\/wp\/v2\/tags?post=18772"}],"curies":[{"name":"wp","href":"https:\/\/api.w.org\/{rel}","templated":true}]}}