{"id":18773,"date":"2026-08-31T17:27:48","date_gmt":"2026-08-31T16:27:48","guid":{"rendered":"https:\/\/nublo.tv\/?p=18773"},"modified":"2026-08-31T17:27:48","modified_gmt":"2026-08-31T16:27:48","slug":"el-cabildo-impulsa-la-campana-conocer-para-conservar-sobre-flora-amenazada-de-gran-canaria","status":"publish","type":"post","link":"https:\/\/nublo.tv\/index.php\/2026\/08\/31\/el-cabildo-impulsa-la-campana-conocer-para-conservar-sobre-flora-amenazada-de-gran-canaria\/","title":{"rendered":"El Cabildo impulsa la campa\u00f1a &#8216;Conocer para Conservar&#8217; sobre flora amenazada de Gran Canaria"},"content":{"rendered":"<p><strong>El Cabildo de Gran Canaria, a trav\u00e9s del Jard\u00edn Bot\u00e1nico Canario &#8216;Viera y Clavijo&#8217;, pone en marcha el 1 de septiembre en Artenara la campa\u00f1a &#8216;Conocer para Conservar&#8217;, una exposici\u00f3n itinerante con charlas y rutas para divulgar las 32 especies end\u00e9micas en peligro de extinci\u00f3n y las 12 vulnerables de la isla.<\/strong><\/p>\n<p>La iniciativa recorrer\u00e1 siete municipios: Artenara, G\u00e1ldar, Agaete, Ag\u00fcimes, San Bartolom\u00e9 de Tirajana, Ingenio y Mog\u00e1n. Incluir\u00e1 una exposici\u00f3n con t\u00f3tems divulgativos, charlas y rutas interpretadas en Espacios Naturales Protegidos.<\/p>\n<p>Gran Canaria alberga 32 especies end\u00e9micas exclusivas catalogadas en peligro de extinci\u00f3n y otras 12 consideradas vulnerables, distribuidas en m\u00e1s de 250 localizaciones. Para 15 taxones en peligro ya se han publicado planes de recuperaci\u00f3n.<\/p>\n<p>La exposici\u00f3n se centra en ocho especies amenazadas: el drago de Gran Canaria (Dracaena tamaranae), la magarza de Guayedra (Gonospermum oshanahanii), la salviablanca de Amagro (Sideritis amagroi), la yerbamuda de Jin\u00e1mar (Lotus kunkelii), la escobilla de Guayadeque (Thesium canariensis), el cardo de Tenteniguada (Onopordum carduelium), la mosquera de Tamadaba (Globularia ascanii) y la flor de mayo le\u00f1osa (Pericallis hadrosoma). Seis de ellas cuentan con planes de recuperaci\u00f3n aprobados.<\/p>\n<p>La muestra aborda amenazas como los herb\u00edvoros introducidos, las especies vegetales invasoras, la p\u00e9rdida de h\u00e1bitat, plagas, incendios y el cambio clim\u00e1tico, factores especialmente graves para especies con poblaciones reducidas o territorios limitados.<\/p>\n<p>El Programa de Conservaci\u00f3n de Especies Amenazadas, coordinado por el Jard\u00edn Bot\u00e1nico Canario con apoyo del Servicio de Biodiversidad del Cabildo, incluye seguimiento de poblaciones, conservaci\u00f3n de semillas en el Banco de Germoplasma, producci\u00f3n en vivero, refuerzo de poblaciones, restauraci\u00f3n de h\u00e1bitats y control de amenazas. Este trabajo permite evaluar la evoluci\u00f3n de cada especie y adaptar las medidas.<\/p>\n<p>Un ejemplo es la salviablanca de Amagro (Sideritis amagroi), de la que quedan en estado silvestre tres ejemplares y dos pl\u00e1ntulas. Las actuaciones han permitido incorporar m\u00e1s de 83.000 semillas al Banco de Germoplasma y establecer nuevos ejemplares cerca de su poblaci\u00f3n natural.<\/p>\n<p>La campa\u00f1a tambi\u00e9n promueve gestos cotidianos para proteger la biodiversidad, como respetar senderos y normativas en Espacios Naturales Protegidos, evitar la recolecci\u00f3n de plantas y semillas o no introducir especies ex\u00f3ticas en el medio natural.<\/p>\n<p>Las fechas, emplazamientos, horarios y condiciones de las actividades se ir\u00e1n comunicando a trav\u00e9s de los canales oficiales del Jard\u00edn Bot\u00e1nico Canario y del Cabildo de Gran Canaria.<\/p>\n","protected":false},"excerpt":{"rendered":"<p>El Cabildo acerca a la ciudadan\u00eda la flora amenazada de Gran Canaria con &#039;Conocer para Conservar&#039; La campa\u00f1a comenzar\u00e1 el 1 de septiembre en Artenara y recorrer\u00e1 siete municipios con&hellip;<\/p>\n","protected":false},"author":1,"featured_media":18787,"comment_status":"open","ping_status":"open","sticky":false,"template":"","format":"standard","meta":{"wpai_generated_summary":"","wpai_meta_description":"","footnotes":""},"categories":[148],"tags":[],"class_list":["post-18773","post","type-post","status-publish","format-standard","has-post-thumbnail","hentry","category-cabildo-de-gran-canaria"],"_links":{"self":[{"href":"https:\/\/nublo.tv\/index.php\/wp-json\/wp\/v2\/posts\/18773","targetHints":{"allow":["GET"]}}],"collection":[{"href":"https:\/\/nublo.tv\/index.php\/wp-json\/wp\/v2\/posts"}],"about":[{"href":"https:\/\/nublo.tv\/index.php\/wp-json\/wp\/v2\/types\/post"}],"author":[{"embeddable":true,"href":"https:\/\/nublo.tv\/index.php\/wp-json\/wp\/v2\/users\/1"}],"replies":[{"embeddable":true,"href":"https:\/\/nublo.tv\/index.php\/wp-json\/wp\/v2\/comments?post=18773"}],"version-history":[{"count":3,"href":"https:\/\/nublo.tv\/index.php\/wp-json\/wp\/v2\/posts\/18773\/revisions"}],"predecessor-version":[{"id":18794,"href":"https:\/\/nublo.tv\/index.php\/wp-json\/wp\/v2\/posts\/18773\/revisions\/18794"}],"wp:featuredmedia":[{"embeddable":true,"href":"https:\/\/nublo.tv\/index.php\/wp-json\/wp\/v2\/media\/18787"}],"wp:attachment":[{"href":"https:\/\/nublo.tv\/index.php\/wp-json\/wp\/v2\/media?parent=18773"}],"wp:term":[{"taxonomy":"category","embeddable":true,"href":"https:\/\/nublo.tv\/index.php\/wp-json\/wp\/v2\/categories?post=18773"},{"taxonomy":"post_tag","embeddable":true,"href":"https:\/\/nublo.tv\/index.php\/wp-json\/wp\/v2\/tags?post=18773"}],"curies":[{"name":"wp","href":"https:\/\/api.w.org\/{rel}","templated":true}]}}