{"id":18781,"date":"2026-08-31T17:28:09","date_gmt":"2026-08-31T16:28:09","guid":{"rendered":"https:\/\/nublo.tv\/?p=18781"},"modified":"2026-08-31T17:28:09","modified_gmt":"2026-08-31T16:28:09","slug":"el-gran-canaria-se-estrena-en-pretemporada-ante-el-insolac-caja-87-de-sevilla","status":"publish","type":"post","link":"https:\/\/nublo.tv\/index.php\/2026\/08\/31\/el-gran-canaria-se-estrena-en-pretemporada-ante-el-insolac-caja-87-de-sevilla\/","title":{"rendered":"El Gran Canaria se estrena en pretemporada ante el Insolac Caja 87 de Sevilla"},"content":{"rendered":"<p><strong>El Gran Canaria de Bruno Savignani disputar\u00e1 su partido de presentaci\u00f3n el mi\u00e9rcoles 16 de septiembre a las 19:00 horas en el Gran Canaria Arena contra el Insolac Caja 87, equipo sevillano que este curso competir\u00e1 en Primera FEB.<\/strong><\/p>\n<p>El conjunto andaluz, que debuta esta temporada en el segundo nivel del baloncesto espa\u00f1ol, hereda el legado del hist\u00f3rico Baloncesto Sevilla (fundado en 1987), conocido anteriormente como Caja San Fernando y con una larga trayectoria en la \u00e9lite nacional.<\/p>\n<p>El encuentro ser\u00e1 gratuito para los abonados y costar\u00e1 cinco euros para el p\u00fablico general. Todo lo recaudado en taquilla se destinar\u00e1 a la Asociaci\u00f3n Mujeres, Solidaridad y Cooperaci\u00f3n, ONG canaria que desde 1984 trabaja en la prevenci\u00f3n y erradicaci\u00f3n de la violencia machista.<\/p>\n<p><img loading=\"lazy\" decoding=\"async\" class=\"wp-image-106283\" src=\"https:\/\/cbgc.ams3.digitaloceanspaces.com\/2026\/08\/31155012\/CARTEL-PARTIDO-PRESENTACION-1-819x1024.png\" alt=\"\" width=\"819\" height=\"1024\" \/><\/p>\n<p>El partido cuenta con el apoyo log\u00edstico de Sholeo Lodges, marca de Canarian Hospitality, gestora hotelera canaria especializada en el segmento vacacional.<\/p>\n<p>Este ser\u00e1 el cuarto amistoso de pretemporada del Gran Canaria. Previamente, el equipo habr\u00e1 jugado a puerta cerrada en La Laguna el jueves 3 de septiembre y, como visitante, en Fuenlabrada y Burgos ante el Tizona.<\/p>\n","protected":false},"excerpt":{"rendered":"<p>El equipo amarillo recibir\u00e1 el mi\u00e9rcoles 16 de septiembre al conjunto sevillano en el Gran Canaria Arena. El Gran Canaria de Bruno Savignani disputar\u00e1 su partido de presentaci\u00f3n el pr\u00f3ximo&hellip;<\/p>\n","protected":false},"author":1,"featured_media":18801,"comment_status":"open","ping_status":"open","sticky":false,"template":"","format":"standard","meta":{"wpai_generated_summary":"","wpai_meta_description":"","footnotes":""},"categories":[122],"tags":[],"class_list":["post-18781","post","type-post","status-publish","format-standard","has-post-thumbnail","hentry","category-deportes"],"_links":{"self":[{"href":"https:\/\/nublo.tv\/index.php\/wp-json\/wp\/v2\/posts\/18781","targetHints":{"allow":["GET"]}}],"collection":[{"href":"https:\/\/nublo.tv\/index.php\/wp-json\/wp\/v2\/posts"}],"about":[{"href":"https:\/\/nublo.tv\/index.php\/wp-json\/wp\/v2\/types\/post"}],"author":[{"embeddable":true,"href":"https:\/\/nublo.tv\/index.php\/wp-json\/wp\/v2\/users\/1"}],"replies":[{"embeddable":true,"href":"https:\/\/nublo.tv\/index.php\/wp-json\/wp\/v2\/comments?post=18781"}],"version-history":[{"count":2,"href":"https:\/\/nublo.tv\/index.php\/wp-json\/wp\/v2\/posts\/18781\/revisions"}],"predecessor-version":[{"id":18800,"href":"https:\/\/nublo.tv\/index.php\/wp-json\/wp\/v2\/posts\/18781\/revisions\/18800"}],"wp:featuredmedia":[{"embeddable":true,"href":"https:\/\/nublo.tv\/index.php\/wp-json\/wp\/v2\/media\/18801"}],"wp:attachment":[{"href":"https:\/\/nublo.tv\/index.php\/wp-json\/wp\/v2\/media?parent=18781"}],"wp:term":[{"taxonomy":"category","embeddable":true,"href":"https:\/\/nublo.tv\/index.php\/wp-json\/wp\/v2\/categories?post=18781"},{"taxonomy":"post_tag","embeddable":true,"href":"https:\/\/nublo.tv\/index.php\/wp-json\/wp\/v2\/tags?post=18781"}],"curies":[{"name":"wp","href":"https:\/\/api.w.org\/{rel}","templated":true}]}}