{"id":18785,"date":"2026-08-31T22:13:59","date_gmt":"2026-08-31T21:13:59","guid":{"rendered":"https:\/\/nublo.tv\/?p=18785"},"modified":"2026-08-31T17:25:48","modified_gmt":"2026-08-31T16:25:48","slug":"la-calle-la-constitucion-acoge-este-domingo-el-mercadillo-de-barrial-con-musica-y-motor","status":"publish","type":"post","link":"https:\/\/nublo.tv\/index.php\/2026\/08\/31\/la-calle-la-constitucion-acoge-este-domingo-el-mercadillo-de-barrial-con-musica-y-motor\/","title":{"rendered":"La calle La Constituci\u00f3n acoge este domingo el Mercadillo de Barrial, con m\u00fasica y motor"},"content":{"rendered":"<p>Cerca de 30 puestos, la Orquesta Luz de Luna y una exhibici\u00f3n de A Ritmo de Batucada animar\u00e1n la jornada, que incluir\u00e1 adem\u00e1s una exposici\u00f3n de coches cl\u00e1sicos en los alrededores del Estadio de Barrial<\/p>\n<p>La calle La Constituci\u00f3n de Barrial volver\u00e1 a convertirse este domingo, 6 de septiembre, en uno de los principales puntos de encuentro del barrio con una nueva edici\u00f3n del Mercadillo Dominical, una iniciativa que apuesta por el comercio de proximidad y por seguir generando actividad en las calles de Barrial.<\/p>\n<p>Desde las 09:00 horas, cerca de 30 puestos ofrecer\u00e1n a vecinos y visitantes diferentes productos y propuestas, en una jornada que combinar\u00e1 las compras con m\u00fasica, animaci\u00f3n y convivencia.<\/p>\n<p>El escenario estar\u00e1 instalado en la zona de entrada de la iglesia y de la Asociaci\u00f3n de Vecinos \u201cAmagro\u201d, con acceso desde la calle La Constituci\u00f3n, donde se desarrollar\u00e1 parte de la programaci\u00f3n prevista para esta nueva edici\u00f3n.<\/p>\n<p>La m\u00fasica tendr\u00e1 un papel protagonista con la actuaci\u00f3n de la Orquesta Luz de Luna, que pondr\u00e1 ritmo a la ma\u00f1ana, mientras que el taller A Ritmo de Batucada ofrecer\u00e1 una exhibici\u00f3n que llenar\u00e1 de percusi\u00f3n y animaci\u00f3n el entorno del mercadillo.<\/p>\n<p>El presidente de la Asociaci\u00f3n de Vecinos Amagro, Pepe Garc\u00eda, destaca la importancia de continuar impulsando este tipo de iniciativas. \u201cDesde la Asociaci\u00f3n creemos que es importante seguir apostando por actividades que den vida a nuestras calles y que, al mismo tiempo, permitan apoyar el comercio local. Un barrio con actividad es un barrio vivo y queremos contribuir a que Barrial siga teniendo espacios de encuentro para los vecinos\u201d.<\/p>\n<p>Garc\u00eda considera que el Mercadillo Dominical \u201ces una buena oportunidad para que peque\u00f1os comerciantes y emprendedores puedan dar a conocer sus productos, pero tambi\u00e9n para que los vecinos puedan disfrutar de una ma\u00f1ana diferente sin necesidad de desplazarse fuera del barrio\u201d.<\/p>\n<p><strong>Los coches cl\u00e1sicos toman los alrededores del Estadio<\/strong><\/p>\n<p>La jornada contar\u00e1 con un segundo gran atractivo relacionado con el mundo del motor. A partir de las 10:30 horas, los alrededores del Estadio de Barrial acoger\u00e1n una exposici\u00f3n de coches cl\u00e1sicos, que permitir\u00e1 a los aficionados y al p\u00fablico en general contemplar veh\u00edculos de diferentes \u00e9pocas.<\/p>\n<p>La muestra trasladar\u00e1 parte de la actividad hasta el entorno del Estadio, ampliando as\u00ed el recorrido de una jornada que pretende generar movimiento en distintos espacios de Barrial.<\/p>\n<p>El regreso del Mercadillo Dominical coincide adem\u00e1s con el tramo final de las Fiestas en honor a Nuestra Se\u00f1ora de los Desamparados, prolongando durante este domingo el ambiente festivo que ha acompa\u00f1ado a Barrial durante las \u00faltimas semanas.<\/p>\n<p>Con esta nueva edici\u00f3n, el Mercadillo Dominical contin\u00faa consolid\u00e1ndose como una propuesta orientada a dinamizar la actividad comercial y social de Barrial, generando espacios de encuentro y favoreciendo la participaci\u00f3n de vecinos y visitantes.<\/p>\n<p>Este domingo, desde las 09:00 horas, la calle La Constituci\u00f3n ser\u00e1 el punto de partida de una jornada que reunir\u00e1 cerca de 30 puestos, m\u00fasica y batucada, mientras que a partir de las 10:30 horas los alrededores del Estadio de Barrial se convertir\u00e1n en punto de encuentro para los amantes de los coches cl\u00e1sicos.<\/p>\n","protected":false},"excerpt":{"rendered":"<p>Cerca de 30 puestos, la Orquesta Luz de Luna y una exhibici\u00f3n de A Ritmo de Batucada animar\u00e1n la jornada, que incluir\u00e1 adem\u00e1s una exposici\u00f3n de coches cl\u00e1sicos en los alrededores del Estadio de Barrial La calle La Constituci\u00f3n de Barrial volver\u00e1 a convertirse este domingo, 6 de septiembre, en uno de los principales puntos [&hellip;]<\/p>\n","protected":false},"author":50,"featured_media":18788,"comment_status":"open","ping_status":"open","sticky":false,"template":"","format":"standard","meta":{"wpai_generated_summary":"","wpai_meta_description":"","footnotes":""},"categories":[153],"tags":[],"class_list":["post-18785","post","type-post","status-publish","format-standard","has-post-thumbnail","hentry","category-galdar"],"_links":{"self":[{"href":"https:\/\/nublo.tv\/index.php\/wp-json\/wp\/v2\/posts\/18785","targetHints":{"allow":["GET"]}}],"collection":[{"href":"https:\/\/nublo.tv\/index.php\/wp-json\/wp\/v2\/posts"}],"about":[{"href":"https:\/\/nublo.tv\/index.php\/wp-json\/wp\/v2\/types\/post"}],"author":[{"embeddable":true,"href":"https:\/\/nublo.tv\/index.php\/wp-json\/wp\/v2\/users\/50"}],"replies":[{"embeddable":true,"href":"https:\/\/nublo.tv\/index.php\/wp-json\/wp\/v2\/comments?post=18785"}],"version-history":[{"count":1,"href":"https:\/\/nublo.tv\/index.php\/wp-json\/wp\/v2\/posts\/18785\/revisions"}],"predecessor-version":[{"id":18789,"href":"https:\/\/nublo.tv\/index.php\/wp-json\/wp\/v2\/posts\/18785\/revisions\/18789"}],"wp:featuredmedia":[{"embeddable":true,"href":"https:\/\/nublo.tv\/index.php\/wp-json\/wp\/v2\/media\/18788"}],"wp:attachment":[{"href":"https:\/\/nublo.tv\/index.php\/wp-json\/wp\/v2\/media?parent=18785"}],"wp:term":[{"taxonomy":"category","embeddable":true,"href":"https:\/\/nublo.tv\/index.php\/wp-json\/wp\/v2\/categories?post=18785"},{"taxonomy":"post_tag","embeddable":true,"href":"https:\/\/nublo.tv\/index.php\/wp-json\/wp\/v2\/tags?post=18785"}],"curies":[{"name":"wp","href":"https:\/\/api.w.org\/{rel}","templated":true}]}}