{"id":188,"date":"2026-08-04T17:19:27","date_gmt":"2026-08-04T16:19:27","guid":{"rendered":"https:\/\/nublo.tv\/?p=188"},"modified":"2026-08-04T17:19:27","modified_gmt":"2026-08-04T16:19:27","slug":"el-ayuntamiento-cierra-el-merendero-de-santa-lucia-casco-y-emite-un-bando-de-alcaldia-pidiendo-precaucion-por-la-alerta","status":"publish","type":"post","link":"https:\/\/nublo.tv\/index.php\/2026\/08\/04\/el-ayuntamiento-cierra-el-merendero-de-santa-lucia-casco-y-emite-un-bando-de-alcaldia-pidiendo-precaucion-por-la-alerta\/","title":{"rendered":"El Ayuntamiento cierra el merendero de Santa Luc\u00eda casco y emite un bando de Alcald\u00eda pidiendo precauci\u00f3n por la alerta"},"content":{"rendered":"<p><a href=\"https:\/\/www.santaluciagc.com\/wp-content\/uploads\/2026\/08\/BANDO-SITUACION-DE-ALERTA-MAXIMA-ALTAS-TEMPERATURAS-1.pdf\">BANDO SITUACI\u00d3N DE ALERTA M\u00c1XIMA ALTAS TEMPERATURAS (1)<\/a><\/p>\n<p><strong>Santa Luc\u00eda de Tirajana, lunes 3 de agosto de 2026.- <\/strong>\u00a0La Unidad Operativa de Seguridad y Emergencias del\u00a0 Ayuntamiento de Santa Luc\u00eda de Tirajana est\u00e1 realizando un seguimiento especial ante la situaci\u00f3n de Alerta por temperaturas m\u00e1ximas y riesgo de incendios forestales declarada por la Direcci\u00f3n General de Seguridad y Emergencias del Gobierno de Canarias. Seg\u00fan las previsiones de la Agencia Estatal de Meteorolog\u00eda las temperaturas m\u00e1s elevadas se podr\u00edan alcanzar este lunes en la cuenca de Tejeda y en las median\u00edas del Sureste, con m\u00e1ximas que podr\u00edan superar \u00a0los 40 grados. En la zona alta se encuentra el veh\u00edculo contra incendios de Protecci\u00f3n Civil y se ha cerrado el merendero.<\/p>\n<p>Ante esta situaci\u00f3n, el alcalde de Santa Luc\u00eda de Tirajana, Francisco Garc\u00eda L\u00f3pez, ha dictado un bando este lunes en el que informa que \u201cEste episodio de altas temperaturas tiene vigencia de declaraci\u00f3n desde las 11.00\u00a0 horas del lunes, d\u00eda 3 de agosto del presente a\u00f1o y tendr\u00e1 varios d\u00edas de duraci\u00f3n\u201d. El bando a\u00f1ade que \u201cSu incidencia mayor ser\u00e1 en Gran Canaria, donde afectar\u00e1 especialmente a la cuenca de Tejeda y a las median\u00edas del sureste y oeste, donde localmente se podr\u00e1n superar 40 \u00baC. en \u00e1reas metropolitanas y zonas costeras. Esta situaci\u00f3n favorecer\u00e1 un ambiente c\u00e1lido y seco que podr\u00e1 ir acompa\u00f1ada de\u00a0 calima d\u00e9bil, sin que inicialmente se prevean concentraciones significativas de polvo en superficie\u201d.<\/p>\n<p>En el bando se informa que, teniendo en cuenta la duraci\u00f3n del episodio,\u00a0 por parte de la Unidad Operativa de Seguridad y Emergencias de este Ayuntamiento, se realizar\u00e1 un seguimiento continuo de la\u00a0 situaci\u00f3n, pudiendo elevarse el nivel de activaci\u00f3n o modificarse el \u00e1mbito territorial en funci\u00f3n de las actualizaciones de las predicciones meteorol\u00f3gicas y de los avisos\u00a0 emitidos por la DGSE\u201d.<\/p>\n<p>El Ayuntamiento ha difundido en su web el bando de Alcald\u00eda con las recomendaciones habituales de evitar la exposici\u00f3n prolongada al sol, intentar estar hidratados, especialmente\u00a0 ni\u00f1os y personas mayores, y evitar hacer ejercicio f\u00edsico en el exterior. Otras recomendaciones\u00a0 que se recogen en el bando de Alcald\u00eda son \u201cProcure caminar por la sombra, en la playa estar bajo una sombrilla y descansar\u00a0 en lugares frescos de la calle o en espacios cerrados que est\u00e9n climatizados. Lleve agua y beba a menudo. Nunca deje a ni\u00f1os ni personas mayores en el interior de un veh\u00edculo cerrado. Evite salir y hacer ejercicios f\u00edsicos prolongados en las horas centrales del d\u00eda, que es cuando hace m\u00e1s calor. Reduzca la actividad f\u00edsica en las horas de m\u00e1s calor.<\/p>\n<p>Tambi\u00e9n se recomienda \u201cTome comidas ligeras y regulares, bebidas y alimentos ricos en agua y sales minerales, como las frutas y hortalizas, que le ayuden a reponer las sales perdidas por el sudor. No tome bebidas alcoh\u00f3licas. Evite las comidas muy calientes y que aporten muchas calor\u00edas. Ayude a los dem\u00e1s. Si conoce gente mayor o enferma que vive sola, vaya a visitarlos una vez al d\u00eda\u201d.<\/p>\n<p>Gabinete de Comunicaci\u00f3n, Santa Luc\u00eda de Tirajana lunes 03 de agosto de\u00a0 2026.<\/p>\n","protected":false},"excerpt":{"rendered":"<p>BANDO SITUACI\u00d3N DE ALERTA M\u00c1XIMA ALTAS TEMPERATURAS (1)Santa Luc\u00eda de Tirajana, lunes 3 de agosto de 2026.- \u00a0La Unidad Operativa de Seguridad y Emergencias del\u00a0 Ayuntamiento de Santa Luc\u00eda de&hellip;<\/p>\n","protected":false},"author":18,"featured_media":189,"comment_status":"open","ping_status":"open","sticky":false,"template":"","format":"standard","meta":{"wpai_generated_summary":"","wpai_meta_description":"","footnotes":""},"categories":[137],"tags":[],"class_list":["post-188","post","type-post","status-publish","format-standard","has-post-thumbnail","hentry","category-ayuntamiento-de-santa-lucia-de-tirajana"],"_links":{"self":[{"href":"https:\/\/nublo.tv\/index.php\/wp-json\/wp\/v2\/posts\/188","targetHints":{"allow":["GET"]}}],"collection":[{"href":"https:\/\/nublo.tv\/index.php\/wp-json\/wp\/v2\/posts"}],"about":[{"href":"https:\/\/nublo.tv\/index.php\/wp-json\/wp\/v2\/types\/post"}],"author":[{"embeddable":true,"href":"https:\/\/nublo.tv\/index.php\/wp-json\/wp\/v2\/users\/18"}],"replies":[{"embeddable":true,"href":"https:\/\/nublo.tv\/index.php\/wp-json\/wp\/v2\/comments?post=188"}],"version-history":[{"count":1,"href":"https:\/\/nublo.tv\/index.php\/wp-json\/wp\/v2\/posts\/188\/revisions"}],"predecessor-version":[{"id":426,"href":"https:\/\/nublo.tv\/index.php\/wp-json\/wp\/v2\/posts\/188\/revisions\/426"}],"wp:featuredmedia":[{"embeddable":true,"href":"https:\/\/nublo.tv\/index.php\/wp-json\/wp\/v2\/media\/189"}],"wp:attachment":[{"href":"https:\/\/nublo.tv\/index.php\/wp-json\/wp\/v2\/media?parent=188"}],"wp:term":[{"taxonomy":"category","embeddable":true,"href":"https:\/\/nublo.tv\/index.php\/wp-json\/wp\/v2\/categories?post=188"},{"taxonomy":"post_tag","embeddable":true,"href":"https:\/\/nublo.tv\/index.php\/wp-json\/wp\/v2\/tags?post=188"}],"curies":[{"name":"wp","href":"https:\/\/api.w.org\/{rel}","templated":true}]}}