{"id":1880,"date":"2026-08-06T13:53:29","date_gmt":"2026-08-06T12:53:29","guid":{"rendered":"https:\/\/nublo.tv\/?p=1880"},"modified":"2026-08-06T13:53:29","modified_gmt":"2026-08-06T12:53:29","slug":"matias-alonso-y-lili-quintana-actuaran-este-domingo-en-el-festival-del-humor-xayo-que-celebra-guia","status":"publish","type":"post","link":"https:\/\/nublo.tv\/index.php\/2026\/08\/06\/matias-alonso-y-lili-quintana-actuaran-este-domingo-en-el-festival-del-humor-xayo-que-celebra-guia\/","title":{"rendered":"Mat\u00edas Alonso y Lili Quintana actuar\u00e1n este domingo en el Festival del Humor \u2018Xayo\u2019 que celebra Gu\u00eda"},"content":{"rendered":"<ul>\n<li><strong> Dos de los c\u00f3micos m\u00e1s queridos de Canarias ser\u00e1n los encargados de llenar de risas una noche dedicada a rendir tributo al a\u00f1orado artista guiense en el marco las Fiestas de La Virgen 2026<\/strong><\/li>\n<\/ul>\n<p><strong>Gu\u00eda, 6 de agosto de 2026.-<\/strong> Mat\u00edas Alonso y Lili Quintana, dos de los actores y humoristas m\u00e1s conocidos y carism\u00e1ticos de Canarias, ser\u00e1n los protagonistas de la nueva edici\u00f3n del Festival del Humor &#8216;Xayo&#8217;, que el municipio de Gu\u00eda celebra este domingo 9 de agosto en el marco de sus Fiestas Patronales de La Virgen 2026. La cita dar\u00e1 comienzo a las 21:00 horas en la Plaza Grande y contar\u00e1 un a\u00f1o m\u00e1s con el periodista Kiko Barroso como maestro de ceremonias.<\/p>\n<p>Mat\u00edas Alonso, conocido por dar vida desde hace m\u00e1s de dos d\u00e9cadas a personajes tan entra\u00f1ables como \u201cSusana\u201d y \u201cGin\u00e9s\u201d en el c\u00e9lebre programa <em>En otra clave<\/em>, y Lili Quintana, famosa por su papel de \u201cChona\u201d en mismo espacio\u00a0 televisivo, ser\u00e1n los encargados de llenar de risas una noche dedicada a rendir tributo al a\u00f1orado artista guiense Pedro Eugenio Moreno, <em>&#8216;Xayo&#8217;.<\/em><\/p>\n<p>&nbsp;<\/p>\n<p>El alcalde de Gu\u00eda y responsable del \u00e1rea de Festejos, Alfredo Gon\u00e7alves Ferreira, \u00a0ha destacado la relevancia de este festival dentro del programa festivo, recordando que \u201cno s\u00f3lo es una cita con la risa y la diversi\u00f3n sino un acto de cari\u00f1o y de recuerdo hacia nuestro querido Xayo, una figura entra\u00f1able que siempre llev\u00f3 el nombre de Gu\u00eda por bandera y al que recordamos con enorme gratitud y admiraci\u00f3n\u201d, destac\u00f3.<\/p>\n<p>Asimismo el regidor guiense ha animado \u201ca las vecinas y vecinos y a todos aquellos que quieran visitarnos a sumarse a esta noche de fiesta en nuestra Plaza Grande para disfrutar del talento de Mat\u00edas Alonso y Lili Quintana\u201d, se\u00f1al\u00f3, subrayando que se\u00a0 trata \u201cde una oportunidad perfecta para reencontrarnos, compartir momentos de alegr\u00eda y rendir el mejor tributo posible a Xayo y que no es otro que \u00a0celebrar \u00a0la vida a trav\u00e9s del humor\u201d.<\/p>\n","protected":false},"excerpt":{"rendered":"<p>Dos de los c\u00f3micos m\u00e1s queridos de Canarias ser\u00e1n los encargados de llenar de risas una noche dedicada a rendir tributo al a\u00f1orado artista guiense en el marco las Fiestas&hellip;<\/p>\n","protected":false},"author":1,"featured_media":1881,"comment_status":"open","ping_status":"open","sticky":false,"template":"","format":"standard","meta":{"wpai_generated_summary":"","wpai_meta_description":"","footnotes":""},"categories":[138],"tags":[],"class_list":["post-1880","post","type-post","status-publish","format-standard","has-post-thumbnail","hentry","category-ayuntamiento-de-santa-maria-de-guia"],"_links":{"self":[{"href":"https:\/\/nublo.tv\/index.php\/wp-json\/wp\/v2\/posts\/1880","targetHints":{"allow":["GET"]}}],"collection":[{"href":"https:\/\/nublo.tv\/index.php\/wp-json\/wp\/v2\/posts"}],"about":[{"href":"https:\/\/nublo.tv\/index.php\/wp-json\/wp\/v2\/types\/post"}],"author":[{"embeddable":true,"href":"https:\/\/nublo.tv\/index.php\/wp-json\/wp\/v2\/users\/1"}],"replies":[{"embeddable":true,"href":"https:\/\/nublo.tv\/index.php\/wp-json\/wp\/v2\/comments?post=1880"}],"version-history":[{"count":1,"href":"https:\/\/nublo.tv\/index.php\/wp-json\/wp\/v2\/posts\/1880\/revisions"}],"predecessor-version":[{"id":1882,"href":"https:\/\/nublo.tv\/index.php\/wp-json\/wp\/v2\/posts\/1880\/revisions\/1882"}],"wp:featuredmedia":[{"embeddable":true,"href":"https:\/\/nublo.tv\/index.php\/wp-json\/wp\/v2\/media\/1881"}],"wp:attachment":[{"href":"https:\/\/nublo.tv\/index.php\/wp-json\/wp\/v2\/media?parent=1880"}],"wp:term":[{"taxonomy":"category","embeddable":true,"href":"https:\/\/nublo.tv\/index.php\/wp-json\/wp\/v2\/categories?post=1880"},{"taxonomy":"post_tag","embeddable":true,"href":"https:\/\/nublo.tv\/index.php\/wp-json\/wp\/v2\/tags?post=1880"}],"curies":[{"name":"wp","href":"https:\/\/api.w.org\/{rel}","templated":true}]}}