{"id":18807,"date":"2026-08-31T21:06:06","date_gmt":"2026-08-31T20:06:06","guid":{"rendered":"https:\/\/nublo.tv\/?p=18807"},"modified":"2026-08-31T21:06:06","modified_gmt":"2026-08-31T20:06:06","slug":"fedac-convoca-un-curso-de-iniciacion-en-macrame-para-septiembre-de-2026","status":"publish","type":"post","link":"https:\/\/nublo.tv\/index.php\/2026\/08\/31\/fedac-convoca-un-curso-de-iniciacion-en-macrame-para-septiembre-de-2026\/","title":{"rendered":"FEDAC convoca un curso de iniciaci\u00f3n en macram\u00e9 para septiembre de 2026"},"content":{"rendered":"<p><strong>FEDAC organizar\u00e1 un curso de iniciaci\u00f3n en macram\u00e9 del 28 de septiembre al 9 de octubre de 2026 en Las Palmas de Gran Canaria, con dos turnos de 8 plazas cada uno.<\/strong><\/p>\n<p>El curso se impartir\u00e1 en dos horarios: de 10:30 a 13:30 horas (ma\u00f1anas) y de 15:45 a 18:45 horas (tardes), de lunes a viernes, con un total de 30 horas por turno.<\/p>\n<p>El plazo de inscripci\u00f3n estar\u00e1 abierto del 1 al 7 de septiembre de 2026, ambos incluidos. Las solicitudes se realizar\u00e1n preferiblemente a trav\u00e9s de la sede electr\u00f3nica <a href=\"https:\/\/fedac.sedelectronica.es\/info.0\">aqu\u00ed<\/a> o de manera presencial en el Registro General de FEDAC, previa cita en los tel\u00e9fonos 928.382.360 o 928.382.450. Las inscripciones se asignar\u00e1n por orden de llegada.<\/p>\n<p>El curso ser\u00e1 gratuito, aunque el alumnado deber\u00e1 abonar el coste del material directamente a la profesora. La docente ser\u00e1 la artesana Luc\u00eda Yolanda D\u00edaz Hern\u00e1ndez, con carn\u00e9 GC-639.<\/p>\n<p>El lugar de celebraci\u00f3n ser\u00e1 la Sala de Exposiciones de FEDAC, en la calle Domingo J. Navarro, 7 (35002, Las Palmas de Gran Canaria). Para m\u00e1s informaci\u00f3n, se puede contactar en los tel\u00e9fonos 928.382.360 y 928.382.450 o en el correo fedac@fedac.org.<\/p>\n","protected":false},"excerpt":{"rendered":"<p>\u00a0 \u00a0 \u00a0 \u00a0 \u00a0 \u00a0 \u00a0 \u00a0 \u00a0 \u00a0 \u00a0 \u00a0 \u00a0\u00abMACRAM\u00c9\u00bb\u00a0 \u00a0 \u00a0 \u00a0 \u00a0 \u00a0 \u00a0 \u00a0 \u00a0 \u00a0 \u00a0 \u00a0 \u00a0 \u00a0\u00a0 \u00a0 \u00a0 \u00a0 Fecha:&hellip;<\/p>\n","protected":false},"author":1,"featured_media":0,"comment_status":"open","ping_status":"open","sticky":false,"template":"","format":"standard","meta":{"wpai_generated_summary":"","wpai_meta_description":"","footnotes":""},"categories":[123],"tags":[],"class_list":["post-18807","post","type-post","status-publish","format-standard","hentry","category-municipales"],"_links":{"self":[{"href":"https:\/\/nublo.tv\/index.php\/wp-json\/wp\/v2\/posts\/18807","targetHints":{"allow":["GET"]}}],"collection":[{"href":"https:\/\/nublo.tv\/index.php\/wp-json\/wp\/v2\/posts"}],"about":[{"href":"https:\/\/nublo.tv\/index.php\/wp-json\/wp\/v2\/types\/post"}],"author":[{"embeddable":true,"href":"https:\/\/nublo.tv\/index.php\/wp-json\/wp\/v2\/users\/1"}],"replies":[{"embeddable":true,"href":"https:\/\/nublo.tv\/index.php\/wp-json\/wp\/v2\/comments?post=18807"}],"version-history":[{"count":2,"href":"https:\/\/nublo.tv\/index.php\/wp-json\/wp\/v2\/posts\/18807\/revisions"}],"predecessor-version":[{"id":18815,"href":"https:\/\/nublo.tv\/index.php\/wp-json\/wp\/v2\/posts\/18807\/revisions\/18815"}],"wp:attachment":[{"href":"https:\/\/nublo.tv\/index.php\/wp-json\/wp\/v2\/media?parent=18807"}],"wp:term":[{"taxonomy":"category","embeddable":true,"href":"https:\/\/nublo.tv\/index.php\/wp-json\/wp\/v2\/categories?post=18807"},{"taxonomy":"post_tag","embeddable":true,"href":"https:\/\/nublo.tv\/index.php\/wp-json\/wp\/v2\/tags?post=18807"}],"curies":[{"name":"wp","href":"https:\/\/api.w.org\/{rel}","templated":true}]}}