{"id":18808,"date":"2026-08-31T21:06:00","date_gmt":"2026-08-31T20:06:00","guid":{"rendered":"https:\/\/nublo.tv\/?p=18808"},"modified":"2026-08-31T21:06:00","modified_gmt":"2026-08-31T20:06:00","slug":"el-mercado-gastronomico-tejeda-paisaje-y-producto-local-2026-se-celebra-el-5-de-septiembre-en-la-plaza-del-socorro","status":"publish","type":"post","link":"https:\/\/nublo.tv\/index.php\/2026\/08\/31\/el-mercado-gastronomico-tejeda-paisaje-y-producto-local-2026-se-celebra-el-5-de-septiembre-en-la-plaza-del-socorro\/","title":{"rendered":"El mercado gastron\u00f3mico &#8216;Tejeda, Paisaje y Producto Local 2026&#8217; se celebra el 5 de septiembre en la Plaza del Socorro"},"content":{"rendered":"<p><strong>El Ayuntamiento de Tejeda organiza el s\u00e1bado 5 de septiembre, en la Plaza del Socorro, el mercado gastron\u00f3mico \u00abTejeda, Paisaje y Producto Local 2026\u00bb, dentro de las Fiestas en Honor a Nuestra Se\u00f1ora del Socorro 2026.<\/strong><\/p>\n<p>El evento, que se desarrollar\u00e1 de 11:00 a 16:00 horas, incluir\u00e1 puestos de productos locales de cercan\u00eda, tradici\u00f3n y calidad, con el objetivo de poner en valor el trabajo de productores y elaboradores del municipio y su entorno.<\/p>\n<p>La programaci\u00f3n contar\u00e1 con demostraciones gastron\u00f3micas y actividades relacionadas con la cocina tradicional canaria, como la elaboraci\u00f3n de mojo para aceitunas, un maridaje con cervezas artesanas, la preparaci\u00f3n de una garbanzada tradicional y una muestra de reposter\u00eda local con la elaboraci\u00f3n del cochafisco, dulce t\u00edpico de la gastronom\u00eda canaria. La jornada finalizar\u00e1 con la actuaci\u00f3n musical de N\u00e9stor Le\u00f3n.<\/p>\n<p>Esta iniciativa se enmarca en el proyecto \u00abDesarrollo Rural Sostenible de los Municipios de Menos de 10.000 Habitantes de Canarias\u00bb, subvencionado por el Gobierno de Canarias a trav\u00e9s del programa Dinamiza Rural, y est\u00e1 coordinada por la Concejal\u00eda de Mercado Agr\u00edcola y Artesanal del Ayuntamiento de Tejeda. El objetivo es fortalecer las econom\u00edas locales, promover el consumo de productos de kil\u00f3metro cero, apoyar a productores y artesanos del territorio y preservar el patrimonio gastron\u00f3mico y cultural de los municipios.<\/p>\n<p><a class=\"et_pb_lightbox_image\" title=\"\" href=\"https:\/\/tejeda.eu\/wp-content\/uploads\/2026\/08\/MercadoGastronomico2026WEB.png\"><span class=\"et_pb_image_wrap \"><img loading=\"lazy\" decoding=\"async\" class=\"wp-image-32610\" title=\"Mercado Gastron\u00f3mico \u201cTejeda, Paisaje y Producto Local 2026\u201d\" src=\"https:\/\/tejeda.eu\/wp-content\/uploads\/2026\/08\/MercadoGastronomico2026WEB.png\" alt=\"\" width=\"815\" height=\"1200\" \/><\/span><\/a><\/p>\n<p><a class=\"et_pb_button et_pb_button_0 et_pb_bg_layout_light\" href=\"https:\/\/tejeda.eu\/programa-de-fiestas-en-honor-a-nuestra-senora-del-socorro-tejeda-2026\/\">Programa Festas del Socorro 2026<\/a><\/p>\n","protected":false},"excerpt":{"rendered":"<p>El pr\u00f3ximo s\u00e1bado 5 de septiembre, la Plaza del Socorro acoger\u00e1 una nueva edici\u00f3n del mercado gastron\u00f3mico \u201cTejeda, Paisaje y Producto Local 2026\u201d, en el marco de las Fiestas en&hellip;<\/p>\n","protected":false},"author":1,"featured_media":18814,"comment_status":"open","ping_status":"open","sticky":false,"template":"","format":"standard","meta":{"wpai_generated_summary":"","wpai_meta_description":"","footnotes":""},"categories":[139],"tags":[],"class_list":["post-18808","post","type-post","status-publish","format-standard","has-post-thumbnail","hentry","category-ayuntamiento-de-tejeda"],"_links":{"self":[{"href":"https:\/\/nublo.tv\/index.php\/wp-json\/wp\/v2\/posts\/18808","targetHints":{"allow":["GET"]}}],"collection":[{"href":"https:\/\/nublo.tv\/index.php\/wp-json\/wp\/v2\/posts"}],"about":[{"href":"https:\/\/nublo.tv\/index.php\/wp-json\/wp\/v2\/types\/post"}],"author":[{"embeddable":true,"href":"https:\/\/nublo.tv\/index.php\/wp-json\/wp\/v2\/users\/1"}],"replies":[{"embeddable":true,"href":"https:\/\/nublo.tv\/index.php\/wp-json\/wp\/v2\/comments?post=18808"}],"version-history":[{"count":2,"href":"https:\/\/nublo.tv\/index.php\/wp-json\/wp\/v2\/posts\/18808\/revisions"}],"predecessor-version":[{"id":18813,"href":"https:\/\/nublo.tv\/index.php\/wp-json\/wp\/v2\/posts\/18808\/revisions\/18813"}],"wp:featuredmedia":[{"embeddable":true,"href":"https:\/\/nublo.tv\/index.php\/wp-json\/wp\/v2\/media\/18814"}],"wp:attachment":[{"href":"https:\/\/nublo.tv\/index.php\/wp-json\/wp\/v2\/media?parent=18808"}],"wp:term":[{"taxonomy":"category","embeddable":true,"href":"https:\/\/nublo.tv\/index.php\/wp-json\/wp\/v2\/categories?post=18808"},{"taxonomy":"post_tag","embeddable":true,"href":"https:\/\/nublo.tv\/index.php\/wp-json\/wp\/v2\/tags?post=18808"}],"curies":[{"name":"wp","href":"https:\/\/api.w.org\/{rel}","templated":true}]}}