{"id":18818,"date":"2026-08-31T21:32:34","date_gmt":"2026-08-31T20:32:34","guid":{"rendered":"https:\/\/nublo.tv\/?p=18818"},"modified":"2026-08-31T21:32:34","modified_gmt":"2026-08-31T20:32:34","slug":"el-benjamin-presenta-nueva-generacion-de-jugadores-en-el-estadio-gran-canaria","status":"publish","type":"post","link":"https:\/\/nublo.tv\/index.php\/2026\/08\/31\/el-benjamin-presenta-nueva-generacion-de-jugadores-en-el-estadio-gran-canaria\/","title":{"rendered":"El Benjam\u00edn presenta nueva generaci\u00f3n de jugadores en el Estadio Gran Canaria"},"content":{"rendered":"<p><strong>El club present\u00f3 a la nueva generaci\u00f3n de jugadores de la categor\u00eda Benjam\u00edn en el Estadio Gran Canaria, con la presencia del director de Formaci\u00f3n y Captaci\u00f3n Manuel Rodr\u00edguez \u2018Tonono\u2019 y la inauguraci\u00f3n de la temporada.<\/strong><\/p>\n<p>La selecci\u00f3n de jugadores forma parte de la cantera amarilla y avanza en la estructura de formaci\u00f3n del club.<\/p>\n<p>El equipo est\u00e1 dirigido por Juan Manuel D\u00e1maso como primer entrenador, con Giovani D\u00edaz como segundo entrenador y Manuel Afonso \u2018Noli\u2019 como asistente t\u00e9cnico.<\/p>\n<p>El cuerpo t\u00e9cnico y de apoyo est\u00e1 compuesto por Juan Manuel D\u00e1maso (primer entrenador), Giovani D\u00edaz (segundo entrenador), Manuel Afonso \u2018Noli\u2019 (asistente t\u00e9cnico), Jos\u00e9 Gonz\u00e1lez (preparador de porteros), Santi Alem\u00e1n (readaptador), V\u00edctor Pons (m\u00e9dico), Pachi Naranjo (psic\u00f3logo), Juan Ferrer (coach mental), Juan Ram\u00edrez (fisioterapeuta), Daniel Su\u00e1rez (nutricionista), Samuel Rodr\u00edguez (encargado de material), Leonardo Gil (encargado de material) y Josu\u00e9 Castellano (encargado de material), Aitor Guti\u00e9rrez (delegado) y Arturo P\u00e9rez (coordinador de etapa).<\/p>\n<p>El Benjam\u00edn representa la entrada de una nueva generaci\u00f3n de futbolistas que empezar\u00e1 a escribir su historia en la cantera amarilla, con el aprendizaje, la formaci\u00f3n y el disfrute del f\u00fatbol como protagonistas.<\/p>\n","protected":false},"excerpt":{"rendered":"<p>Nuestro Benjam\u00edn fue presentado en la sala de prensa del Estadio Gran Canaria, en un acto que cont\u00f3, una vez m\u00e1s, con la presencia de Manuel Rodr\u00edguez \u2018Tonono\u2019, director de&hellip;<\/p>\n","protected":false},"author":1,"featured_media":18822,"comment_status":"open","ping_status":"open","sticky":false,"template":"","format":"standard","meta":{"wpai_generated_summary":"","wpai_meta_description":"","footnotes":""},"categories":[122],"tags":[],"class_list":["post-18818","post","type-post","status-publish","format-standard","has-post-thumbnail","hentry","category-deportes"],"_links":{"self":[{"href":"https:\/\/nublo.tv\/index.php\/wp-json\/wp\/v2\/posts\/18818","targetHints":{"allow":["GET"]}}],"collection":[{"href":"https:\/\/nublo.tv\/index.php\/wp-json\/wp\/v2\/posts"}],"about":[{"href":"https:\/\/nublo.tv\/index.php\/wp-json\/wp\/v2\/types\/post"}],"author":[{"embeddable":true,"href":"https:\/\/nublo.tv\/index.php\/wp-json\/wp\/v2\/users\/1"}],"replies":[{"embeddable":true,"href":"https:\/\/nublo.tv\/index.php\/wp-json\/wp\/v2\/comments?post=18818"}],"version-history":[{"count":2,"href":"https:\/\/nublo.tv\/index.php\/wp-json\/wp\/v2\/posts\/18818\/revisions"}],"predecessor-version":[{"id":18821,"href":"https:\/\/nublo.tv\/index.php\/wp-json\/wp\/v2\/posts\/18818\/revisions\/18821"}],"wp:featuredmedia":[{"embeddable":true,"href":"https:\/\/nublo.tv\/index.php\/wp-json\/wp\/v2\/media\/18822"}],"wp:attachment":[{"href":"https:\/\/nublo.tv\/index.php\/wp-json\/wp\/v2\/media?parent=18818"}],"wp:term":[{"taxonomy":"category","embeddable":true,"href":"https:\/\/nublo.tv\/index.php\/wp-json\/wp\/v2\/categories?post=18818"},{"taxonomy":"post_tag","embeddable":true,"href":"https:\/\/nublo.tv\/index.php\/wp-json\/wp\/v2\/tags?post=18818"}],"curies":[{"name":"wp","href":"https:\/\/api.w.org\/{rel}","templated":true}]}}