{"id":18835,"date":"2026-09-01T07:47:01","date_gmt":"2026-09-01T06:47:01","guid":{"rendered":"https:\/\/nublo.tv\/?p=18835"},"modified":"2026-09-01T07:47:01","modified_gmt":"2026-09-01T06:47:01","slug":"abierta-la-convocatoria-para-obtener-el-carne-de-artesano-de-canarias-para-2026","status":"publish","type":"post","link":"https:\/\/nublo.tv\/index.php\/2026\/09\/01\/abierta-la-convocatoria-para-obtener-el-carne-de-artesano-de-canarias-para-2026\/","title":{"rendered":"Abierta la convocatoria para obtener el carn\u00e9 de artesano de Canarias para 2026"},"content":{"rendered":"<p><strong>El Cabildo de Gran Canaria ha abierto el plazo para solicitar el carn\u00e9 de artesano 2026, que acredita el ejercicio habitual de un oficio incluido en el Repertorio de oficios artesanos de Canarias. La convocatoria, aprobada por Decreto 10-2026 de 9 de febrero, detalla requisitos, procedimiento y plazos.<\/strong><\/p>\n<p>El carn\u00e9 certifica que la persona ejerce un oficio artesano de forma habitual en Gran Canaria, siendo necesario, entre otros requisitos, acreditar al menos un a\u00f1o de experiencia en el sector.<\/p>\n<p>El plazo para presentar la solicitud ser\u00e1 del 1 al 30 de septiembre de 2026.<\/p>\n<p><a class=\"wp-block-button__link has-accent-color has-text-color has-background has-link-color wp-element-button\" style=\"background: radial-gradient(#fff5cb 0%,#b6e3d4 50%,#33a7b5 100%)\" href=\"https:\/\/fedac.org\/wp-content\/uploads\/2026\/02\/5.-Anuncio-largo.pdf\"><strong><em>Anuncio Oficial<\/em><\/strong><\/a><\/p>\n<p>Las personas interesadas deben presentar la solicitud, junto con la documentaci\u00f3n requerida, a trav\u00e9s de <a href=\"https:\/\/fedac.sedelectronica.es\/info.0\"> sede electr\u00f3nica<\/a>. Tambi\u00e9n pueden hacerlo de forma presencial en el Registro de FEDAC (calle Domingo J. Navarro, n\u00ba 7, Las Palmas de Gran Canaria), previa cita en los tel\u00e9fonos 928.382.360 o 928.382.450.<\/p>\n<p>Para aclaraciones, pueden dirigirse a FEDAC (Fondo para la Etnograf\u00eda y el Desarrollo de la Artesan\u00eda Canaria), en la misma direcci\u00f3n, tel\u00e9fonos 928.382.450 \u2013 928.382.360 o correo electr\u00f3nico: <a href=\"mailto:fedac@fedac.org\">fedac@fedac.org<\/a>.<\/p>\n","protected":false},"excerpt":{"rendered":"<p>El carn\u00e9 de artesano es una acreditaci\u00f3n que certifica que la persona ejerce de forma habitual un oficio artesano incluido en el&nbsp;Repertorio de oficios artesanos de Canarias, siendo necesario para&hellip;<\/p>\n","protected":false},"author":1,"featured_media":2948,"comment_status":"open","ping_status":"open","sticky":false,"template":"","format":"standard","meta":{"wpai_generated_summary":"","wpai_meta_description":"","footnotes":""},"categories":[123],"tags":[],"class_list":["post-18835","post","type-post","status-publish","format-standard","has-post-thumbnail","hentry","category-municipales"],"_links":{"self":[{"href":"https:\/\/nublo.tv\/index.php\/wp-json\/wp\/v2\/posts\/18835","targetHints":{"allow":["GET"]}}],"collection":[{"href":"https:\/\/nublo.tv\/index.php\/wp-json\/wp\/v2\/posts"}],"about":[{"href":"https:\/\/nublo.tv\/index.php\/wp-json\/wp\/v2\/types\/post"}],"author":[{"embeddable":true,"href":"https:\/\/nublo.tv\/index.php\/wp-json\/wp\/v2\/users\/1"}],"replies":[{"embeddable":true,"href":"https:\/\/nublo.tv\/index.php\/wp-json\/wp\/v2\/comments?post=18835"}],"version-history":[{"count":2,"href":"https:\/\/nublo.tv\/index.php\/wp-json\/wp\/v2\/posts\/18835\/revisions"}],"predecessor-version":[{"id":18857,"href":"https:\/\/nublo.tv\/index.php\/wp-json\/wp\/v2\/posts\/18835\/revisions\/18857"}],"wp:featuredmedia":[{"embeddable":true,"href":"https:\/\/nublo.tv\/index.php\/wp-json\/wp\/v2\/media\/2948"}],"wp:attachment":[{"href":"https:\/\/nublo.tv\/index.php\/wp-json\/wp\/v2\/media?parent=18835"}],"wp:term":[{"taxonomy":"category","embeddable":true,"href":"https:\/\/nublo.tv\/index.php\/wp-json\/wp\/v2\/categories?post=18835"},{"taxonomy":"post_tag","embeddable":true,"href":"https:\/\/nublo.tv\/index.php\/wp-json\/wp\/v2\/tags?post=18835"}],"curies":[{"name":"wp","href":"https:\/\/api.w.org\/{rel}","templated":true}]}}