{"id":18837,"date":"2026-09-01T07:46:55","date_gmt":"2026-09-01T06:46:55","guid":{"rendered":"http:\/\/nublo.tv\/?p=18837"},"modified":"2026-09-01T07:48:41","modified_gmt":"2026-09-01T06:48:41","slug":"el-programa-subete-a-la-ola-de-la-vida-lleva-ocio-familiar-a-casas-nuevas-este-sabado","status":"publish","type":"post","link":"https:\/\/nublo.tv\/index.php\/2026\/09\/01\/el-programa-subete-a-la-ola-de-la-vida-lleva-ocio-familiar-a-casas-nuevas-este-sabado\/","title":{"rendered":"El programa \u2018S\u00fabete a la Ola de la Vida\u2019 lleva ocio familiar a Casas Nuevas este s\u00e1bado"},"content":{"rendered":"<p><strong>Telde, 1 de septiembre de 2026.- El programa municipal \u2018S\u00fabete a la Ola de la Vida 2026\u2019 organizar\u00e1 este s\u00e1bado una jornada de ocio familiar en la Plaza de Gran Canaria de Casas Nuevas, con actividades para todas las edades.<\/strong><\/p>\n<p>La Concejal\u00eda de Juventud del Ayuntamiento de Telde ha programado castillos hinchables acu\u00e1ticos desde las 11.00 hasta las 13.00 horas, adem\u00e1s de un espect\u00e1culo familiar a las 12.00 horas.<\/p>\n<p>El alcalde, Juan Antonio Pe\u00f1a, ha destacado que el objetivo es \u00abllevar actividad a distintos rincones de la ciudad y generar espacios de convivencia con propuestas gratuitas cerca de los vecinos\u00bb. Pe\u00f1a ha a\u00f1adido que la jornada est\u00e1 pensada \u00abespecialmente para los m\u00e1s peque\u00f1os, pero tambi\u00e9n para padres, madres y familias\u00bb.<\/p>\n<p>El concejal de Juventud, Cristhian Santana, ha se\u00f1alado que la programaci\u00f3n busca \u00abdinamizar los barrios y ofrecer alternativas de ocio saludable durante las \u00faltimas semanas del verano\u00bb.<\/p>\n<p>La iniciativa forma parte de \u2018S\u00fabete a la Ola de la Vida\u2019, que durante este verano ha llevado actividades culturales, juveniles, musicales y familiares a diferentes barrios y zonas costeras de Telde, con una oferta descentralizada.<\/p>\n<p>La cita de este s\u00e1bado en Casas Nuevas continuar\u00e1 una programaci\u00f3n que se desarrollar\u00e1 en los pr\u00f3ximos d\u00edas en otros enclaves del municipio.<\/p>\n","protected":false},"excerpt":{"rendered":"<p>https:\/\/www.telde.es\/wp-content\/uploads\/2026\/09\/noticia708.jpgTelde, 31 de agosto de 2026.- El programa municipal \u2018S\u00fabete a la Ola de la Vida 2026\u2019 contin\u00faa este s\u00e1bado, 5 de septiembre, su recorrido por distintos puntos del municipio&hellip;<\/p>\n","protected":false},"author":1,"featured_media":18856,"comment_status":"open","ping_status":"open","sticky":false,"template":"","format":"standard","meta":{"wpai_generated_summary":"","wpai_meta_description":"","footnotes":""},"categories":[140],"tags":[],"class_list":["post-18837","post","type-post","status-publish","format-standard","has-post-thumbnail","hentry","category-ayuntamiento-de-telde"],"_links":{"self":[{"href":"https:\/\/nublo.tv\/index.php\/wp-json\/wp\/v2\/posts\/18837","targetHints":{"allow":["GET"]}}],"collection":[{"href":"https:\/\/nublo.tv\/index.php\/wp-json\/wp\/v2\/posts"}],"about":[{"href":"https:\/\/nublo.tv\/index.php\/wp-json\/wp\/v2\/types\/post"}],"author":[{"embeddable":true,"href":"https:\/\/nublo.tv\/index.php\/wp-json\/wp\/v2\/users\/1"}],"replies":[{"embeddable":true,"href":"https:\/\/nublo.tv\/index.php\/wp-json\/wp\/v2\/comments?post=18837"}],"version-history":[{"count":3,"href":"https:\/\/nublo.tv\/index.php\/wp-json\/wp\/v2\/posts\/18837\/revisions"}],"predecessor-version":[{"id":18858,"href":"https:\/\/nublo.tv\/index.php\/wp-json\/wp\/v2\/posts\/18837\/revisions\/18858"}],"wp:featuredmedia":[{"embeddable":true,"href":"https:\/\/nublo.tv\/index.php\/wp-json\/wp\/v2\/media\/18856"}],"wp:attachment":[{"href":"https:\/\/nublo.tv\/index.php\/wp-json\/wp\/v2\/media?parent=18837"}],"wp:term":[{"taxonomy":"category","embeddable":true,"href":"https:\/\/nublo.tv\/index.php\/wp-json\/wp\/v2\/categories?post=18837"},{"taxonomy":"post_tag","embeddable":true,"href":"https:\/\/nublo.tv\/index.php\/wp-json\/wp\/v2\/tags?post=18837"}],"curies":[{"name":"wp","href":"https:\/\/api.w.org\/{rel}","templated":true}]}}