{"id":18839,"date":"2026-09-01T07:46:49","date_gmt":"2026-09-01T06:46:49","guid":{"rendered":"http:\/\/nublo.tv\/?p=18839"},"modified":"2026-09-01T07:46:49","modified_gmt":"2026-09-01T06:46:49","slug":"telde-abre-este-miercoles-los-quioscos-de-arnao-para-que-los-interesados-en-la-licitacion-los-conozcan","status":"publish","type":"post","link":"https:\/\/nublo.tv\/index.php\/2026\/09\/01\/telde-abre-este-miercoles-los-quioscos-de-arnao-para-que-los-interesados-en-la-licitacion-los-conozcan\/","title":{"rendered":"Telde abre este mi\u00e9rcoles los quioscos de Arnao para que los interesados en la licitaci\u00f3n los conozcan"},"content":{"rendered":"<p><strong>Telde, 31 de agosto de 2026.- El Ayuntamiento de Telde organizar\u00e1 este mi\u00e9rcoles 2 de septiembre, a las 11.00 horas, una visita presencial a los cuatro quioscos municipales de las Ramblas de Arnao para las personas, aut\u00f3nomos, emprendedores y empresas interesadas en licitarlos.<\/strong><\/p>\n<p>Los interesados deber\u00e1n acudir a esa hora a las Ramblas de Arnao, donde personal municipal facilitar\u00e1 el acceso a las instalaciones para que conozcan directamente las caracter\u00edsticas, distribuci\u00f3n, dimensiones, ubicaci\u00f3n y estado actual de cada espacio.<\/p>\n<p>La jornada, de car\u00e1cter informativo y voluntario, no es un requisito para participar ni otorga ventaja en el procedimiento de adjudicaci\u00f3n. Las condiciones oficiales est\u00e1n recogidas en los pliegos de la licitaci\u00f3n.<\/p>\n<p>El alcalde de Telde, Juan Antonio Pe\u00f1a, se\u00f1ala que la iniciativa busca \u00abseguir facilitando las cosas a quienes est\u00e9n valorando emprender una actividad en estos espacios y permitirles conocer exactamente qu\u00e9 se est\u00e1 licitando antes de tomar una decisi\u00f3n\u00bb.<\/p>\n<p>\u00abQueremos que exista concurrencia y que nadie descarte participar por falta de informaci\u00f3n. Hemos explicado el procedimiento, hemos puesto la documentaci\u00f3n a disposici\u00f3n de los interesados y ahora abrimos f\u00edsicamente los quioscos para que puedan entrar, verlos y valorar personalmente las posibilidades de cada uno\u00bb, a\u00f1ade el primer edil.<\/p>\n<p>El procedimiento municipal contempla la concesi\u00f3n de cuatro quioscos independientes, configurados como cuatro lotes, de manera que los interesados pueden concurrir separadamente a cada uno de ellos. Dos cuentan adem\u00e1s con espacio anexo destinado a terraza.<\/p>\n<p>Los quioscos n\u00fameros 2 y 4, de planta hexagonal, disponen de alrededor de 4,5 metros cuadrados cada uno; el n\u00famero 1 cuenta con aproximadamente 5,9 metros cuadrados y el n\u00famero 3, el de mayores dimensiones, ronda los 33 metros cuadrados. Las concesiones tendr\u00e1n inicialmente una duraci\u00f3n de cinco a\u00f1os, con posibilidad de pr\u00f3rroga por otros cinco, hasta un m\u00e1ximo de diez a\u00f1os.<\/p>\n<p>Los c\u00e1nones m\u00ednimos anuales establecidos son de 1.382 euros para el quiosco n\u00famero 1, con terraza; 570,29 euros para el n\u00famero 2; 5.735,44 euros para el n\u00famero 3, tambi\u00e9n con terraza; y 570,29 euros para el n\u00famero 4.<\/p>\n<p>Los interesados tienen hasta el pr\u00f3ximo 14 de septiembre de 2026, a las 23.59 horas, para presentar sus ofertas a trav\u00e9s de la Plataforma de Contrataci\u00f3n del Sector P\u00fablico.<\/p>\n<p>El procedimiento llega despu\u00e9s de varios meses de tramitaci\u00f3n administrativa. El proyecto fue sometido en junio a 30 d\u00edas h\u00e1biles de exposici\u00f3n p\u00fablica y posteriormente aprobado de forma definitiva por la Junta de Gobierno Local tras finalizar dicho periodo sin alegaciones, dando paso a la apertura de la licitaci\u00f3n. El proyecto contempla adem\u00e1s distintas actuaciones de acondicionamiento y puesta a punto de los establecimientos municipales.<\/p>\n<p>La recuperaci\u00f3n de los quioscos forma parte del objetivo municipal de devolver actividad a las Ramblas de Arnao y recuperar unos establecimientos que permanec\u00edan sin uso, generando al mismo tiempo nuevas oportunidades para iniciativas econ\u00f3micas y de servicios en uno de los accesos al n\u00facleo urbano.<\/p>\n<p>\u00abEste mi\u00e9rcoles queremos que quienes tengan una idea puedan venir, abrir la puerta del quiosco y comprobar directamente si ese espacio encaja en su proyecto. Hasta el 14 de septiembre todav\u00eda hay tiempo para participar\u00bb, concluye Pe\u00f1a.<\/p>\n<p>Los interesados podr\u00e1n plantear cualquier duda relacionada con la licitaci\u00f3n a trav\u00e9s del Perfil del Contratante, utilizando los canales habilitados dentro del propio procedimiento, o mediante el correo electr\u00f3nico crismoreno@telde.es, desde donde se facilitar\u00e1 la informaci\u00f3n necesaria sobre la visita y la tramitaci\u00f3n.<\/p>\n","protected":false},"excerpt":{"rendered":"<p>https:\/\/www.telde.es\/wp-content\/uploads\/2026\/09\/noticia707.jpgTelde, 31 de agosto de 2026.- El Ayuntamiento de Telde celebrar\u00e1 este mi\u00e9rcoles 2 de septiembre, a las 11.00 horas, una visita presencial a los cuatro quioscos municipales situados en&hellip;<\/p>\n","protected":false},"author":1,"featured_media":18854,"comment_status":"open","ping_status":"open","sticky":false,"template":"","format":"standard","meta":{"wpai_generated_summary":"","wpai_meta_description":"","footnotes":""},"categories":[140],"tags":[],"class_list":["post-18839","post","type-post","status-publish","format-standard","has-post-thumbnail","hentry","category-ayuntamiento-de-telde"],"_links":{"self":[{"href":"https:\/\/nublo.tv\/index.php\/wp-json\/wp\/v2\/posts\/18839","targetHints":{"allow":["GET"]}}],"collection":[{"href":"https:\/\/nublo.tv\/index.php\/wp-json\/wp\/v2\/posts"}],"about":[{"href":"https:\/\/nublo.tv\/index.php\/wp-json\/wp\/v2\/types\/post"}],"author":[{"embeddable":true,"href":"https:\/\/nublo.tv\/index.php\/wp-json\/wp\/v2\/users\/1"}],"replies":[{"embeddable":true,"href":"https:\/\/nublo.tv\/index.php\/wp-json\/wp\/v2\/comments?post=18839"}],"version-history":[{"count":2,"href":"https:\/\/nublo.tv\/index.php\/wp-json\/wp\/v2\/posts\/18839\/revisions"}],"predecessor-version":[{"id":18853,"href":"https:\/\/nublo.tv\/index.php\/wp-json\/wp\/v2\/posts\/18839\/revisions\/18853"}],"wp:featuredmedia":[{"embeddable":true,"href":"https:\/\/nublo.tv\/index.php\/wp-json\/wp\/v2\/media\/18854"}],"wp:attachment":[{"href":"https:\/\/nublo.tv\/index.php\/wp-json\/wp\/v2\/media?parent=18839"}],"wp:term":[{"taxonomy":"category","embeddable":true,"href":"https:\/\/nublo.tv\/index.php\/wp-json\/wp\/v2\/categories?post=18839"},{"taxonomy":"post_tag","embeddable":true,"href":"https:\/\/nublo.tv\/index.php\/wp-json\/wp\/v2\/tags?post=18839"}],"curies":[{"name":"wp","href":"https:\/\/api.w.org\/{rel}","templated":true}]}}