{"id":18841,"date":"2026-09-01T07:46:41","date_gmt":"2026-09-01T06:46:41","guid":{"rendered":"http:\/\/nublo.tv\/?p=18841"},"modified":"2026-09-01T07:46:41","modified_gmt":"2026-09-01T06:46:41","slug":"telde-acelera-la-tramitacion-de-la-nomina-de-agosto-tras-el-retraso-por-el-incremento-salarial-del-05","status":"publish","type":"post","link":"https:\/\/nublo.tv\/index.php\/2026\/09\/01\/telde-acelera-la-tramitacion-de-la-nomina-de-agosto-tras-el-retraso-por-el-incremento-salarial-del-05\/","title":{"rendered":"Telde acelera la tramitaci\u00f3n de la n\u00f3mina de agosto tras el retraso por el incremento salarial del 0,5 %"},"content":{"rendered":"<p><strong>Telde, 31 ago. 2026.- El Ayuntamiento de Telde prioriza la tramitaci\u00f3n de la n\u00f3mina de agosto de su plantilla municipal tras el retraso causado por la regularizaci\u00f3n del incremento salarial del 0,5 %, que ha alargado los plazos habituales de elaboraci\u00f3n y fiscalizaci\u00f3n.<\/strong><\/p>\n<p>La aplicaci\u00f3n de esta actualizaci\u00f3n retributiva ha requerido un expediente espec\u00edfico desde Recursos Humanos, su traslado a Intervenci\u00f3n Municipal y una adaptaci\u00f3n temporal del programa inform\u00e1tico de gesti\u00f3n de n\u00f3minas para calcular correctamente el incremento.<\/p>\n<p>Antes de realizar la operaci\u00f3n, se hizo una copia de seguridad de los datos del sistema. Tras la regularizaci\u00f3n, el programa debe recuperar los par\u00e1metros actualizados para continuar con la elaboraci\u00f3n ordinaria de las n\u00f3minas.<\/p>\n<p>Esta situaci\u00f3n excepcional ha retrasado el inicio de la confecci\u00f3n del expediente de la n\u00f3mina de agosto. Recursos Humanos trabaja de forma prioritaria para culminarlo y trasladarlo a Intervenci\u00f3n Municipal, con el fin de agilizar el procedimiento administrativo necesario para ordenar el pago.<\/p>\n<p>Ambos departamentos han comprometido todos los medios y el tiempo necesarios para acelerar la tramitaci\u00f3n, incluso reorganizando jornadas de trabajo y periodos de descanso, con el objetivo de minimizar el impacto en la plantilla.<\/p>\n<p>El Ayuntamiento prev\u00e9 completar el procedimiento dentro del plazo habitual de abono y, en cualquier caso, antes del 5 de septiembre. Este a\u00f1o, el margen operativo es menor al coincidir esa fecha con un s\u00e1bado.<\/p>\n<p>El alcalde de Telde, Juan Antonio Pe\u00f1a, ha pedido disculpas a los trabajadores municipales por las molestias ocasionadas. \u00abSomos plenamente conscientes de que detr\u00e1s de cada n\u00f3mina hay familias, obligaciones y compromisos econ\u00f3micos. Por eso, desde el primer momento, la prioridad ha sido absoluta: resolverla cuanto antes y ofrecer toda la informaci\u00f3n con transparencia\u00bb, ha declarado.<\/p>\n<p>Pe\u00f1a ha agradecido \u00abel enorme esfuerzo\u00bb de los empleados de Recursos Humanos e Intervenci\u00f3n, as\u00ed como de sus responsables, \u00abque est\u00e1n poniendo todos los medios a su alcance para que la tramitaci\u00f3n avance con la mayor rapidez posible\u00bb.<\/p>\n<p>El primer edil tambi\u00e9n ha reconocido la actitud de los representantes sindicales que, durante estos d\u00edas, han mostrado inter\u00e9s por la situaci\u00f3n, tanto mediante contacto telef\u00f3nico como presencialmente en Alcald\u00eda. \u00abAgradezco que hayan trasladado sus inquietudes y las de la plantilla directamente y que podamos mantener una comunicaci\u00f3n permanente sobre un asunto tan importante para nuestros trabajadores\u00bb, ha a\u00f1adido.<\/p>\n<p>Paralelamente, el Ayuntamiento ya trabaja en la tramitaci\u00f3n de la siguiente actualizaci\u00f3n retributiva, correspondiente al incremento del 2,5 %, para anticipar los procedimientos y minimizar incidencias en futuras n\u00f3minas.<\/p>\n","protected":false},"excerpt":{"rendered":"<p>https:\/\/www.telde.es\/wp-content\/uploads\/2024\/09\/banner3.jpgTelde, 31 de agosto de 2026.- El Ayuntamiento de Telde informa de que los servicios municipales de Recursos Humanos e Intervenci\u00f3n trabajan de manera prioritaria en la tramitaci\u00f3n de la&hellip;<\/p>\n","protected":false},"author":1,"featured_media":18852,"comment_status":"open","ping_status":"open","sticky":false,"template":"","format":"standard","meta":{"wpai_generated_summary":"","wpai_meta_description":"","footnotes":""},"categories":[140],"tags":[],"class_list":["post-18841","post","type-post","status-publish","format-standard","has-post-thumbnail","hentry","category-ayuntamiento-de-telde"],"_links":{"self":[{"href":"https:\/\/nublo.tv\/index.php\/wp-json\/wp\/v2\/posts\/18841","targetHints":{"allow":["GET"]}}],"collection":[{"href":"https:\/\/nublo.tv\/index.php\/wp-json\/wp\/v2\/posts"}],"about":[{"href":"https:\/\/nublo.tv\/index.php\/wp-json\/wp\/v2\/types\/post"}],"author":[{"embeddable":true,"href":"https:\/\/nublo.tv\/index.php\/wp-json\/wp\/v2\/users\/1"}],"replies":[{"embeddable":true,"href":"https:\/\/nublo.tv\/index.php\/wp-json\/wp\/v2\/comments?post=18841"}],"version-history":[{"count":2,"href":"https:\/\/nublo.tv\/index.php\/wp-json\/wp\/v2\/posts\/18841\/revisions"}],"predecessor-version":[{"id":18851,"href":"https:\/\/nublo.tv\/index.php\/wp-json\/wp\/v2\/posts\/18841\/revisions\/18851"}],"wp:featuredmedia":[{"embeddable":true,"href":"https:\/\/nublo.tv\/index.php\/wp-json\/wp\/v2\/media\/18852"}],"wp:attachment":[{"href":"https:\/\/nublo.tv\/index.php\/wp-json\/wp\/v2\/media?parent=18841"}],"wp:term":[{"taxonomy":"category","embeddable":true,"href":"https:\/\/nublo.tv\/index.php\/wp-json\/wp\/v2\/categories?post=18841"},{"taxonomy":"post_tag","embeddable":true,"href":"https:\/\/nublo.tv\/index.php\/wp-json\/wp\/v2\/tags?post=18841"}],"curies":[{"name":"wp","href":"https:\/\/api.w.org\/{rel}","templated":true}]}}