{"id":18864,"date":"2026-09-01T10:26:26","date_gmt":"2026-09-01T09:26:26","guid":{"rendered":"https:\/\/nublo.tv\/?p=18864"},"modified":"2026-09-01T10:26:26","modified_gmt":"2026-09-01T09:26:26","slug":"santa-brigida-acoge-por-quinta-vez-el-mendi-tour-canarias","status":"publish","type":"post","link":"https:\/\/nublo.tv\/index.php\/2026\/09\/01\/santa-brigida-acoge-por-quinta-vez-el-mendi-tour-canarias\/","title":{"rendered":"Santa Br\u00edgida acoge por quinta vez el Mendi Tour Canarias"},"content":{"rendered":"<p><strong>Santa Br\u00edgida acoge el Mendi Tour Canarias por quinto a\u00f1o, con una selecci\u00f3n de producciones del festival internacional de cine de monta\u00f1a, el 9 de octubre a partir de las 20:00 en el Centro Cultural de la Villa.<\/strong><\/p>\n<p><a href=\"https:\/\/www.tickettailor.com\/events\/cimagrancanaria\/2388698\">Reserva tu entrada.<\/a><\/p>\n<p>La programaci\u00f3n, que incluye las cuatro piezas m\u00e1s destacadas del Mendi Film 2025, ofrece distintas perspectivas sobre la relaci\u00f3n del ser humano con la monta\u00f1a, la exploraci\u00f3n, el riesgo y los grandes retos deportivos.<\/p>\n<p>La sesi\u00f3n comienza con la pel\u00edcula \u00abEternal Solo\u00bb, de 31 minutos, incluida en la Secci\u00f3n Oficial del Mendi Film 2025. Seguidamente se proyecta \u00abBilly\u00bb, de 33 minutos, tambi\u00e9n oficial, seguido de \u00abIzarren Zaunka\u00bb, de 18 minutos, galardonado como Mejor Pel\u00edcula en Euskara del mismo festival, y concluye con \u00abTrango\u00bb, de 45 minutos, otra obra oficial.<\/p>\n<p>Las pel\u00edculas se proyectan en versi\u00f3n original y, cuando corresponde, con subt\u00edtulos en castellano, permitiendo disfrutar de historias procedentes de diferentes lugares y culturas unidos por la monta\u00f1a.<\/p>\n<p>El centro cultural complementa la edici\u00f3n con una exposici\u00f3n fotogr\u00e1fica del Grupo Monta\u00f1ero Gran Canaria, que se puede visitar del 9 al 30 de septiembre en la Biblioteca Municipal de Santa Br\u00edgida.<\/p>\n<p>La muestra ofrece una visi\u00f3n de la monta\u00f1a a trav\u00e9s de im\u00e1genes relacionadas con la actividad y trayectoria del Grupo Monta\u00f1ero y con una forma de entender el monta\u00f1ismo que forma parte de la historia deportiva y social de la isla.<\/p>\n<p>La celebraci\u00f3n del Mendi Tour vuelve a posicionar a Santa Br\u00edgida como uno de los puntos de encuentro de la cultura de monta\u00f1a en Gran Canaria, ofreciendo una oportunidad para disfrutar colectivamente de historias que llevan al espectador a grandes paredes, paisajes remotos y escenarios donde aventura y naturaleza se integran.<\/p>\n<p><a href=\"https:\/\/www.santabrigida.es\/wp-content\/uploads\/2026\/09\/WhatsApp-Image-2026-09-01-at-09.31.10.jpeg\"><img loading=\"lazy\" decoding=\"async\" class=\"wp-image-46649\" style=\"width: 858px;height: auto\" src=\"https:\/\/www.santabrigida.es\/wp-content\/uploads\/2026\/09\/WhatsApp-Image-2026-09-01-at-09.31.10-769x1024.jpeg\" alt=\"\" width=\"769\" height=\"1024\" \/><\/a><\/p>\n<p><a href=\"https:\/\/whatsapp.com\/channel\/0029VahknXBDzgTHGJW3DC1v\">S\u00edguenos a trav\u00e9s del canal de WhatsApp<\/a>santabrigida.es\u00bb&gt;Ayuntamiento de la Villa de Santa Br\u00edgida<\/p>\n","protected":false},"excerpt":{"rendered":"<p>Santa Br\u00edgida renueva en 2026 su compromiso con la cultura de monta\u00f1a acogiendo por\u00a0quinto a\u00f1o el Mendi Tour Canarias. El\u00a0viernes, 9 de octubre, a partir de las 20:00 horas, el&hellip;<\/p>\n","protected":false},"author":1,"featured_media":18875,"comment_status":"open","ping_status":"open","sticky":false,"template":"","format":"standard","meta":{"wpai_generated_summary":"","wpai_meta_description":"","footnotes":""},"categories":[136],"tags":[],"class_list":["post-18864","post","type-post","status-publish","format-standard","has-post-thumbnail","hentry","category-ayuntamiento-de-santa-brigida"],"_links":{"self":[{"href":"https:\/\/nublo.tv\/index.php\/wp-json\/wp\/v2\/posts\/18864","targetHints":{"allow":["GET"]}}],"collection":[{"href":"https:\/\/nublo.tv\/index.php\/wp-json\/wp\/v2\/posts"}],"about":[{"href":"https:\/\/nublo.tv\/index.php\/wp-json\/wp\/v2\/types\/post"}],"author":[{"embeddable":true,"href":"https:\/\/nublo.tv\/index.php\/wp-json\/wp\/v2\/users\/1"}],"replies":[{"embeddable":true,"href":"https:\/\/nublo.tv\/index.php\/wp-json\/wp\/v2\/comments?post=18864"}],"version-history":[{"count":2,"href":"https:\/\/nublo.tv\/index.php\/wp-json\/wp\/v2\/posts\/18864\/revisions"}],"predecessor-version":[{"id":18874,"href":"https:\/\/nublo.tv\/index.php\/wp-json\/wp\/v2\/posts\/18864\/revisions\/18874"}],"wp:featuredmedia":[{"embeddable":true,"href":"https:\/\/nublo.tv\/index.php\/wp-json\/wp\/v2\/media\/18875"}],"wp:attachment":[{"href":"https:\/\/nublo.tv\/index.php\/wp-json\/wp\/v2\/media?parent=18864"}],"wp:term":[{"taxonomy":"category","embeddable":true,"href":"https:\/\/nublo.tv\/index.php\/wp-json\/wp\/v2\/categories?post=18864"},{"taxonomy":"post_tag","embeddable":true,"href":"https:\/\/nublo.tv\/index.php\/wp-json\/wp\/v2\/tags?post=18864"}],"curies":[{"name":"wp","href":"https:\/\/api.w.org\/{rel}","templated":true}]}}