{"id":18866,"date":"2026-09-01T10:26:33","date_gmt":"2026-09-01T09:26:33","guid":{"rendered":"https:\/\/nublo.tv\/?p=18866"},"modified":"2026-09-01T10:26:33","modified_gmt":"2026-09-01T09:26:33","slug":"el-ayuntamiento-de-tejeda-activa-el-plan-corresponsables-2026-con-el-inicio-del-curso-escolar","status":"publish","type":"post","link":"https:\/\/nublo.tv\/index.php\/2026\/09\/01\/el-ayuntamiento-de-tejeda-activa-el-plan-corresponsables-2026-con-el-inicio-del-curso-escolar\/","title":{"rendered":"El Ayuntamiento de Tejeda activa el Plan Corresponsables 2026 con el inicio del curso escolar"},"content":{"rendered":"<p><strong>El Ayuntamiento de Tejeda inicia este curso 2026\/2027 los servicios del Plan Corresponsables, con actividades de conciliaci\u00f3n familiar y apoyo educativo para el alumnado del CEO Tejeda.<\/strong><\/p>\n<p>El \u00c1rea de Educaci\u00f3n del consistorio ha puesto en marcha la Recogida Temprana, del 10 de septiembre hasta las vacaciones de Navidad, de lunes a viernes en horario de 07:00 a 08:30 horas, dirigida a estudiantes desde 3 a\u00f1os hasta 4.\u00ba de ESO.<\/p>\n<p>Adem\u00e1s, se ofertan clases de ingl\u00e9s desde el 22 de septiembre hasta Navidad, todos los martes de 14:45 a 15:45 horas, para alumnado de Educaci\u00f3n Primaria y Secundaria.<\/p>\n<p>La inscripci\u00f3n es obligatoria y debe presentarse en el Registro General del Ayuntamiento de Tejeda. Para m\u00e1s informaci\u00f3n, se puede llamar al 928 666 001, extensi\u00f3n 118.<\/p>\n<p>Estas acciones se enmarcan en el Plan Corresponsables Tejeda 2026, organizado por el \u00c1rea de Educaci\u00f3n del Ayuntamiento y financiado por la FECAM y la Consejer\u00eda de Derechos Sociales, Igualdad, Diversidad y Juventud del Gobierno de Canarias.<\/p>\n<p><img loading=\"lazy\" decoding=\"async\" class=\"wp-image-32627\" title=\"Plan Corresponsables Tejeda 2026\" src=\"https:\/\/tejeda.eu\/wp-content\/uploads\/2026\/09\/TejedaCorresponsables2026WEB.png\" alt=\"\" width=\"1200\" height=\"643\" \/><\/p>\n<p><a href=\"https:\/\/tejeda.eu\/formularioinscripcion_actividadesextraescolares_tejedacorresponsables2026\/\" target=\"_blank\" rel=\"noopener\"><span class=\"et_pb_image_wrap \"><img loading=\"lazy\" decoding=\"async\" class=\"wp-image-32626\" title=\"Plan Corresponsables Tejeda 2026\" src=\"https:\/\/tejeda.eu\/wp-content\/uploads\/2026\/09\/FormularioInscripcion_ActividadesExtraescolares_TejedaCorresponsables2026.jpg\" alt=\"\" width=\"1654\" height=\"2339\" \/><\/span><\/a><\/p>\n<p><a class=\"et_pb_button et_pb_button_0 et_pb_bg_layout_light\" href=\"https:\/\/tejeda.eu\/formularioinscripcion_actividadesextraescolares_tejedacorresponsables2026\/\" target=\"_blank\" rel=\"noopener\">Descargar<\/a><\/p>\n","protected":false},"excerpt":{"rendered":"<p>Comienzan las actividades del Plan Corresponsables Tejeda 2026 con el inicio del curso escolar 2026\/2027 El Ayuntamiento de Tejeda, a trav\u00e9s del \u00c1rea de Educaci\u00f3n, pone en marcha nuevamente varios&hellip;<\/p>\n","protected":false},"author":1,"featured_media":18877,"comment_status":"open","ping_status":"open","sticky":false,"template":"","format":"standard","meta":{"wpai_generated_summary":"","wpai_meta_description":"","footnotes":""},"categories":[139],"tags":[],"class_list":["post-18866","post","type-post","status-publish","format-standard","has-post-thumbnail","hentry","category-ayuntamiento-de-tejeda"],"_links":{"self":[{"href":"https:\/\/nublo.tv\/index.php\/wp-json\/wp\/v2\/posts\/18866","targetHints":{"allow":["GET"]}}],"collection":[{"href":"https:\/\/nublo.tv\/index.php\/wp-json\/wp\/v2\/posts"}],"about":[{"href":"https:\/\/nublo.tv\/index.php\/wp-json\/wp\/v2\/types\/post"}],"author":[{"embeddable":true,"href":"https:\/\/nublo.tv\/index.php\/wp-json\/wp\/v2\/users\/1"}],"replies":[{"embeddable":true,"href":"https:\/\/nublo.tv\/index.php\/wp-json\/wp\/v2\/comments?post=18866"}],"version-history":[{"count":2,"href":"https:\/\/nublo.tv\/index.php\/wp-json\/wp\/v2\/posts\/18866\/revisions"}],"predecessor-version":[{"id":18876,"href":"https:\/\/nublo.tv\/index.php\/wp-json\/wp\/v2\/posts\/18866\/revisions\/18876"}],"wp:featuredmedia":[{"embeddable":true,"href":"https:\/\/nublo.tv\/index.php\/wp-json\/wp\/v2\/media\/18877"}],"wp:attachment":[{"href":"https:\/\/nublo.tv\/index.php\/wp-json\/wp\/v2\/media?parent=18866"}],"wp:term":[{"taxonomy":"category","embeddable":true,"href":"https:\/\/nublo.tv\/index.php\/wp-json\/wp\/v2\/categories?post=18866"},{"taxonomy":"post_tag","embeddable":true,"href":"https:\/\/nublo.tv\/index.php\/wp-json\/wp\/v2\/tags?post=18866"}],"curies":[{"name":"wp","href":"https:\/\/api.w.org\/{rel}","templated":true}]}}