{"id":18868,"date":"2026-09-01T10:26:37","date_gmt":"2026-09-01T09:26:37","guid":{"rendered":"https:\/\/nublo.tv\/?p=18868"},"modified":"2026-09-01T10:26:37","modified_gmt":"2026-09-01T09:26:37","slug":"telde-programa-actividades-culturales-y-de-ocio-para-celebrar-el-dia-internacional-de-las-personas-de-edad","status":"publish","type":"post","link":"https:\/\/nublo.tv\/index.php\/2026\/09\/01\/telde-programa-actividades-culturales-y-de-ocio-para-celebrar-el-dia-internacional-de-las-personas-de-edad\/","title":{"rendered":"Telde programa actividades culturales y de ocio para celebrar el D\u00eda Internacional de las Personas de Edad"},"content":{"rendered":"<p><strong>El Ayuntamiento de Telde, a trav\u00e9s de la Concejal\u00eda de Servicios Sociales, ha organizado una programaci\u00f3n de actividades culturales y de ocio para conmemora el D\u00eda Internacional de las Personas de Edad, que se celebrar\u00e1 el 1 de octubre, con actos entre septiembre y octubre.<\/strong><\/p>\n<p>Las actividades, dirigidas a personas mayores del municipio, buscan ofrecer espacios de encuentro, participaci\u00f3n y disfrute, adem\u00e1s de reconocer su trayectoria y contribuci\u00f3n a la sociedad.<\/p>\n<p>El programa comenzar\u00e1 el 11 de septiembre con una salida sociocultural a Arucas para 55 personas, que incluir\u00e1 visitas a la Iglesia y Plaza de San Juan Bautista y a una f\u00e1brica de ron. El 18 de septiembre habr\u00e1 una segunda salida a las Salinas de Tenef\u00e9, en Santa Luc\u00eda de Tirajana, para 50 participantes, con visita guiada, degustaci\u00f3n y obsequio. El 24 de septiembre se realizar\u00e1 una visita al Acuario Poema del Mar, en Las Palmas de Gran Canaria, para 55 personas.<\/p>\n<p>La concejala de Servicios Sociales, Adela \u00c1lvarez, ha destacado que \u00abhemos querido preparar una programaci\u00f3n variada y pensada especialmente para nuestras personas mayores, que les permita compartir, disfrutar y conocer nuevos lugares, pero tambi\u00e9n sentirse protagonistas de una celebraci\u00f3n que reconoce su enorme aportaci\u00f3n a Telde\u00bb.<\/p>\n<p>El acto central tendr\u00e1 lugar el 1 de octubre en el Centro de D\u00eda de Atenci\u00f3n Social para personas mayores de Telde, con aforo para 257 personas. Incluir\u00e1 la obra de teatro \u00abDivertimento\u00bb, a cargo del grupo Jinamarte, una actuaci\u00f3n de mariachis, refrigerio y la entrega de un obsequio conmemorativo.<\/p>\n<p>\u00c1lvarez ha a\u00f1adido que \u00abel D\u00eda Internacional de las Personas de Edad es una fecha para agradecer, reconocer y poner en valor todo lo que nuestros mayores han aportado y contin\u00faan aportando a nuestra comunidad. Queremos que esta celebraci\u00f3n sea tambi\u00e9n un espacio de alegr\u00eda, convivencia y reconocimiento\u00bb.<\/p>\n<p>La programaci\u00f3n concluir\u00e1 el 16 de octubre con la actuaci\u00f3n del humorista y monologuista teldense Maestro Florido, a las 9.30 horas, en el Centro de Mayores.<\/p>\n<p>Las inscripciones para participar en las actividades podr\u00e1n realizarse a partir del 7 de septiembre en el Centro de Mayores. Las plazas son limitadas y se asignar\u00e1n hasta completar el aforo disponible.<\/p>\n<p>La Concejal\u00eda de Servicios Sociales reafirma con esta programaci\u00f3n su compromiso con las personas mayores de Telde y con el impulso de iniciativas que favorezcan el envejecimiento activo, la participaci\u00f3n, la convivencia y el bienestar.<\/p>\n","protected":false},"excerpt":{"rendered":"<p>https:\/\/www.telde.es\/wp-content\/uploads\/2026\/09\/noticia709.jpgTelde, a 1 de Septiembre de 2026. La Concejal\u00eda de Servicios Sociales del Ayuntamiento de Telde, dirigida por Adela \u00c1lvarez, ha organizado una programaci\u00f3n especial de actividades culturales, de ocio&hellip;<\/p>\n","protected":false},"author":1,"featured_media":18879,"comment_status":"open","ping_status":"open","sticky":false,"template":"","format":"standard","meta":{"wpai_generated_summary":"","wpai_meta_description":"","footnotes":""},"categories":[140],"tags":[],"class_list":["post-18868","post","type-post","status-publish","format-standard","has-post-thumbnail","hentry","category-ayuntamiento-de-telde"],"_links":{"self":[{"href":"https:\/\/nublo.tv\/index.php\/wp-json\/wp\/v2\/posts\/18868","targetHints":{"allow":["GET"]}}],"collection":[{"href":"https:\/\/nublo.tv\/index.php\/wp-json\/wp\/v2\/posts"}],"about":[{"href":"https:\/\/nublo.tv\/index.php\/wp-json\/wp\/v2\/types\/post"}],"author":[{"embeddable":true,"href":"https:\/\/nublo.tv\/index.php\/wp-json\/wp\/v2\/users\/1"}],"replies":[{"embeddable":true,"href":"https:\/\/nublo.tv\/index.php\/wp-json\/wp\/v2\/comments?post=18868"}],"version-history":[{"count":2,"href":"https:\/\/nublo.tv\/index.php\/wp-json\/wp\/v2\/posts\/18868\/revisions"}],"predecessor-version":[{"id":18878,"href":"https:\/\/nublo.tv\/index.php\/wp-json\/wp\/v2\/posts\/18868\/revisions\/18878"}],"wp:featuredmedia":[{"embeddable":true,"href":"https:\/\/nublo.tv\/index.php\/wp-json\/wp\/v2\/media\/18879"}],"wp:attachment":[{"href":"https:\/\/nublo.tv\/index.php\/wp-json\/wp\/v2\/media?parent=18868"}],"wp:term":[{"taxonomy":"category","embeddable":true,"href":"https:\/\/nublo.tv\/index.php\/wp-json\/wp\/v2\/categories?post=18868"},{"taxonomy":"post_tag","embeddable":true,"href":"https:\/\/nublo.tv\/index.php\/wp-json\/wp\/v2\/tags?post=18868"}],"curies":[{"name":"wp","href":"https:\/\/api.w.org\/{rel}","templated":true}]}}