{"id":1887,"date":"2026-08-06T14:18:01","date_gmt":"2026-08-06T13:18:01","guid":{"rendered":"https:\/\/nublo.tv\/?p=1887"},"modified":"2026-08-06T14:18:01","modified_gmt":"2026-08-06T13:18:01","slug":"iria-ranz-sanz-convocada-por-la-seleccion-espanola-promesas-para-disputar-el-european-open-2026-ayuntamiento-de-valsequillo-de-gran-canaria","status":"publish","type":"post","link":"https:\/\/nublo.tv\/index.php\/2026\/08\/06\/iria-ranz-sanz-convocada-por-la-seleccion-espanola-promesas-para-disputar-el-european-open-2026-ayuntamiento-de-valsequillo-de-gran-canaria\/","title":{"rendered":"Iria Ranz Sanz, convocada por la Selecci\u00f3n Espa\u00f1ola Promesas para disputar el European Open 2026 &#8211; Ayuntamiento de Valsequillo de Gran Canaria"},"content":{"rendered":"<div><img decoding=\"async\" src=\"https:\/\/www.valsequillogc.es\/ayto3\/wp-content\/uploads\/2026\/08\/Foto-Balonmano-Iria-Ranz-Sanz-a-la-izquierda-del-alcalde.jpeg\" style=\"width: 100%\" \/><\/p>\n<div>La jugadora del Club Balonmano Valsequillo formar\u00e1 parte de la concentraci\u00f3n de la Selecci\u00f3n Espa\u00f1ola Promesas Femenina y participar\u00e1 en el European Open 2026, que se celebrar\u00e1 en Suecia del &#8230; Leer m\u00e1s<\/div>\n<\/div>\n","protected":false},"excerpt":{"rendered":"<p>La jugadora del Club Balonmano Valsequillo formar\u00e1 parte de la concentraci\u00f3n de la Selecci\u00f3n Espa\u00f1ola Promesas Femenina y participar\u00e1 en el European Open 2026, que se celebrar\u00e1 en Suecia del&hellip;<\/p>\n","protected":false},"author":1,"featured_media":1888,"comment_status":"open","ping_status":"open","sticky":false,"template":"","format":"standard","meta":{"wpai_generated_summary":"","wpai_meta_description":"","footnotes":""},"categories":[142],"tags":[],"class_list":["post-1887","post","type-post","status-publish","format-standard","has-post-thumbnail","hentry","category-ayuntamiento-de-valsequillo"],"_links":{"self":[{"href":"https:\/\/nublo.tv\/index.php\/wp-json\/wp\/v2\/posts\/1887","targetHints":{"allow":["GET"]}}],"collection":[{"href":"https:\/\/nublo.tv\/index.php\/wp-json\/wp\/v2\/posts"}],"about":[{"href":"https:\/\/nublo.tv\/index.php\/wp-json\/wp\/v2\/types\/post"}],"author":[{"embeddable":true,"href":"https:\/\/nublo.tv\/index.php\/wp-json\/wp\/v2\/users\/1"}],"replies":[{"embeddable":true,"href":"https:\/\/nublo.tv\/index.php\/wp-json\/wp\/v2\/comments?post=1887"}],"version-history":[{"count":1,"href":"https:\/\/nublo.tv\/index.php\/wp-json\/wp\/v2\/posts\/1887\/revisions"}],"predecessor-version":[{"id":1889,"href":"https:\/\/nublo.tv\/index.php\/wp-json\/wp\/v2\/posts\/1887\/revisions\/1889"}],"wp:featuredmedia":[{"embeddable":true,"href":"https:\/\/nublo.tv\/index.php\/wp-json\/wp\/v2\/media\/1888"}],"wp:attachment":[{"href":"https:\/\/nublo.tv\/index.php\/wp-json\/wp\/v2\/media?parent=1887"}],"wp:term":[{"taxonomy":"category","embeddable":true,"href":"https:\/\/nublo.tv\/index.php\/wp-json\/wp\/v2\/categories?post=1887"},{"taxonomy":"post_tag","embeddable":true,"href":"https:\/\/nublo.tv\/index.php\/wp-json\/wp\/v2\/tags?post=1887"}],"curies":[{"name":"wp","href":"https:\/\/api.w.org\/{rel}","templated":true}]}}