{"id":18880,"date":"2026-09-01T20:30:37","date_gmt":"2026-09-01T19:30:37","guid":{"rendered":"https:\/\/nublo.tv\/?p=18880"},"modified":"2026-09-03T13:26:37","modified_gmt":"2026-09-03T12:26:37","slug":"la-clave-y-enclave-musical-llevaran-el-ritmo-a-las-fiestas-de-barrial","status":"publish","type":"post","link":"https:\/\/nublo.tv\/index.php\/2026\/09\/01\/la-clave-y-enclave-musical-llevaran-el-ritmo-a-las-fiestas-de-barrial\/","title":{"rendered":"La Clave y Enclave Musical llevar\u00e1n el ritmo a las fiestas de Barrial"},"content":{"rendered":"<p><em>Las dos orquestas protagonizar\u00e1n este jueves 4 de septiembre una gran verbena en la Plaza Jos\u00e9 Rodr\u00edguez Quintana a partir de las 20:00 horas<\/em><em><br \/>\n<\/em><br \/>\nLas fiestas en honor a Nuestra Se\u00f1ora de los Desamparados contin\u00faan este jueves 4 de septiembre con una de las grandes citas musicales de su programaci\u00f3n. La Clave y Enclave Musical protagonizar\u00e1n una gran verbena que comenzar\u00e1 a las 20:00 horas en la Plaza Jos\u00e9 Rodr\u00edguez Quintana, en una noche concebida para disfrutar de la m\u00fasica y el baile.<\/p>\n<p>La propuesta reunir\u00e1 a las dos formaciones en una aut\u00e9ntica marat\u00f3n de orquestas, con diferentes repertorios y estilos para animar una velada en la que se espera un importante ambiente festivo. La m\u00fasica volver\u00e1 as\u00ed a ocupar un lugar destacado dentro de unas celebraciones que mantienen su car\u00e1cter popular y participativo.<\/p>\n<p>El presidente de la Asociaci\u00f3n de Vecinos Amagro, Pepe Garc\u00eda, destaca que \u201clas verbenas son parte de la esencia de nuestras fiestas y una magn\u00edfica oportunidad para encontrarnos y disfrutar juntos\u201d.<\/p>\n<p>\u201cEsperamos que la plaza se llene y que vecinos y visitantes puedan disfrutar de una gran noche de m\u00fasica y baile\u201d, a\u00f1ade.<\/p>\n<p>La verbena se incorpora a un amplio programa de actividades que est\u00e1 llevando durante estos d\u00edas la celebraci\u00f3n a diferentes espacios del barrio, con propuestas culturales, tradicionales y musicales dirigidas a p\u00fablicos de todas las edades.<\/p>\n<p>La organizaci\u00f3n invita a vecinos, vecinas y visitantes a sumarse a esta noche de fiesta y disfrutar de las actuaciones de La Clave y Enclave Musical.<\/p>\n<p>La cita ser\u00e1 este jueves 4 de septiembre, a partir de las 20:00 horas, en la Plaza Jos\u00e9 Rodr\u00edguez Quintana de Barrial.<\/p>\n<p>&nbsp;<\/p>\n","protected":false},"excerpt":{"rendered":"<p>Las dos orquestas protagonizar\u00e1n este jueves 4 de septiembre una gran verbena en la Plaza Jos\u00e9 Rodr\u00edguez Quintana a partir de las 20:00 horas Las fiestas en honor a Nuestra Se\u00f1ora de los Desamparados contin\u00faan este jueves 4 de septiembre con una de las grandes citas musicales de su programaci\u00f3n. La Clave y Enclave Musical [&hellip;]<\/p>\n","protected":false},"author":50,"featured_media":19173,"comment_status":"open","ping_status":"open","sticky":false,"template":"","format":"standard","meta":{"wpai_generated_summary":"","wpai_meta_description":"","footnotes":""},"categories":[153],"tags":[],"class_list":["post-18880","post","type-post","status-publish","format-standard","has-post-thumbnail","hentry","category-galdar"],"_links":{"self":[{"href":"https:\/\/nublo.tv\/index.php\/wp-json\/wp\/v2\/posts\/18880","targetHints":{"allow":["GET"]}}],"collection":[{"href":"https:\/\/nublo.tv\/index.php\/wp-json\/wp\/v2\/posts"}],"about":[{"href":"https:\/\/nublo.tv\/index.php\/wp-json\/wp\/v2\/types\/post"}],"author":[{"embeddable":true,"href":"https:\/\/nublo.tv\/index.php\/wp-json\/wp\/v2\/users\/50"}],"replies":[{"embeddable":true,"href":"https:\/\/nublo.tv\/index.php\/wp-json\/wp\/v2\/comments?post=18880"}],"version-history":[{"count":1,"href":"https:\/\/nublo.tv\/index.php\/wp-json\/wp\/v2\/posts\/18880\/revisions"}],"predecessor-version":[{"id":18920,"href":"https:\/\/nublo.tv\/index.php\/wp-json\/wp\/v2\/posts\/18880\/revisions\/18920"}],"wp:featuredmedia":[{"embeddable":true,"href":"https:\/\/nublo.tv\/index.php\/wp-json\/wp\/v2\/media\/19173"}],"wp:attachment":[{"href":"https:\/\/nublo.tv\/index.php\/wp-json\/wp\/v2\/media?parent=18880"}],"wp:term":[{"taxonomy":"category","embeddable":true,"href":"https:\/\/nublo.tv\/index.php\/wp-json\/wp\/v2\/categories?post=18880"},{"taxonomy":"post_tag","embeddable":true,"href":"https:\/\/nublo.tv\/index.php\/wp-json\/wp\/v2\/tags?post=18880"}],"curies":[{"name":"wp","href":"https:\/\/api.w.org\/{rel}","templated":true}]}}