{"id":18886,"date":"2026-09-01T11:45:54","date_gmt":"2026-09-01T10:45:54","guid":{"rendered":"https:\/\/nublo.tv\/?p=18886"},"modified":"2026-09-01T11:45:54","modified_gmt":"2026-09-01T10:45:54","slug":"la-confederacion-canaria-de-empresarios-apoya-la-candidatura-de-las-palmas-de-gran-canaria-como-capital-europea-de-la-cultura-2031","status":"publish","type":"post","link":"https:\/\/nublo.tv\/index.php\/2026\/09\/01\/la-confederacion-canaria-de-empresarios-apoya-la-candidatura-de-las-palmas-de-gran-canaria-como-capital-europea-de-la-cultura-2031\/","title":{"rendered":"La Confederaci\u00f3n Canaria de Empresarios apoya la candidatura de Las Palmas de Gran Canaria como Capital Europea de la Cultura 2031"},"content":{"rendered":"<p><strong>Las Palmas de Gran Canaria, 1 sep 2026 (EFE).- La Confederaci\u00f3n Canaria de Empresarios (CCE) formaliz\u00f3 este martes su adhesi\u00f3n al Manifiesto de apoyo a la candidatura de Las Palmas de Gran Canaria como Capital Europea de la Cultura 2031, en un acto celebrado en su sede con la presencia de la alcaldesa, Carolina Darias, y el presidente de la entidad, Pedro Ortega.<\/strong><\/p>\n<p>La firma del documento, impulsado por el Ayuntamiento, refuerza un proyecto de ciudad que promueve la cultura como motor de desarrollo, cohesi\u00f3n social y proyecci\u00f3n internacional. Al acto asistieron tambi\u00e9n el concejal de Cultura, Josu\u00e9 \u00cd\u00f1iguez, y el director art\u00edstico de la candidatura LPGC\u201931, Jos\u00e9 Luis P\u00e9rez Ponto.<\/p>\n<p>Darias agradeci\u00f3 el respaldo del tejido empresarial y subray\u00f3 que \u00abcontar con el apoyo de la CCE refuerza una candidatura que entiende la cultura como un elemento estrat\u00e9gico para el desarrollo de la ciudad y para la generaci\u00f3n de oportunidades\u00bb.<\/p>\n<p>La alcaldesa a\u00f1adi\u00f3 que el objetivo es \u00abconstruir una candidatura compartida, capaz de implicar al conjunto de la sociedad y de proyectar Las Palmas de Gran Canaria hacia Europa desde su identidad, su diversidad y su extraordinaria riqueza cultural\u00bb.<\/p>\n<p>Pedro Ortega, por su parte, destac\u00f3 que la CCE, como principal representante de las empresas de Canarias, \u00abha querido adherirse y mostrar su apoyo a la candidatura\u00bb, resaltando \u00abla voluntad de colaboraci\u00f3n que las empresas ofrecen a este proyecto compartido entre lo p\u00fablico y lo privado\u00bb.<\/p>\n<p>Ortega consider\u00f3 que el reconocimiento ser\u00eda \u00abm\u00e1s que merecido para una ciudad europea como Las Palmas de Gran Canaria, que a\u00fana la riqueza y el patrimonio cultural de tres continentes\u00bb, y subray\u00f3 que la designaci\u00f3n trascender\u00eda a la capital grancanaria, \u00abpues pondr\u00eda en valor y dar\u00eda un fuerte impulso a los valores culturales y sociales de los territorios insulares en el \u00e1mbito europeo\u00bb.<\/p>\n<p>Con esta adhesi\u00f3n, el Ayuntamiento ampl\u00eda la red de apoyos institucionales, sociales y econ\u00f3micos a la candidatura. La ciudad super\u00f3 la primera fase del proceso de selecci\u00f3n y figura entre las cuatro finalistas que optan al reconocimiento europeo.<\/p>\n<p>Hasta ahora, la candidatura cuenta con las adhesiones formalizadas del Gobierno de Canarias, el Parlamento de Canarias, el Cabildo de Gran Canaria, la Universidad de Las Palmas de Gran Canaria, la Uni\u00f3n Deportiva Las Palmas, el Club Baloncesto Gran Canaria y la organizaci\u00f3n BNI Las Palmas, entre otras entidades.<\/p>\n","protected":false},"excerpt":{"rendered":"<p>La alcaldesa, Carolina Darias, y el presidente de la Confederaci\u00f3n Canaria de Empresarios, Pedro Ortega, formalizan la adhesi\u00f3n de la entidad a un proyecto de ciudad que cuenta con el&hellip;<\/p>\n","protected":false},"author":1,"featured_media":18897,"comment_status":"open","ping_status":"open","sticky":false,"template":"","format":"standard","meta":{"wpai_generated_summary":"","wpai_meta_description":"","footnotes":""},"categories":[132],"tags":[],"class_list":["post-18886","post","type-post","status-publish","format-standard","has-post-thumbnail","hentry","category-ayuntamiento-de-las-palmas-de-gran-canaria"],"_links":{"self":[{"href":"https:\/\/nublo.tv\/index.php\/wp-json\/wp\/v2\/posts\/18886","targetHints":{"allow":["GET"]}}],"collection":[{"href":"https:\/\/nublo.tv\/index.php\/wp-json\/wp\/v2\/posts"}],"about":[{"href":"https:\/\/nublo.tv\/index.php\/wp-json\/wp\/v2\/types\/post"}],"author":[{"embeddable":true,"href":"https:\/\/nublo.tv\/index.php\/wp-json\/wp\/v2\/users\/1"}],"replies":[{"embeddable":true,"href":"https:\/\/nublo.tv\/index.php\/wp-json\/wp\/v2\/comments?post=18886"}],"version-history":[{"count":2,"href":"https:\/\/nublo.tv\/index.php\/wp-json\/wp\/v2\/posts\/18886\/revisions"}],"predecessor-version":[{"id":18896,"href":"https:\/\/nublo.tv\/index.php\/wp-json\/wp\/v2\/posts\/18886\/revisions\/18896"}],"wp:featuredmedia":[{"embeddable":true,"href":"https:\/\/nublo.tv\/index.php\/wp-json\/wp\/v2\/media\/18897"}],"wp:attachment":[{"href":"https:\/\/nublo.tv\/index.php\/wp-json\/wp\/v2\/media?parent=18886"}],"wp:term":[{"taxonomy":"category","embeddable":true,"href":"https:\/\/nublo.tv\/index.php\/wp-json\/wp\/v2\/categories?post=18886"},{"taxonomy":"post_tag","embeddable":true,"href":"https:\/\/nublo.tv\/index.php\/wp-json\/wp\/v2\/tags?post=18886"}],"curies":[{"name":"wp","href":"https:\/\/api.w.org\/{rel}","templated":true}]}}