{"id":18888,"date":"2026-09-05T22:30:14","date_gmt":"2026-09-05T21:30:14","guid":{"rendered":"https:\/\/nublo.tv\/?p=18888"},"modified":"2026-09-03T13:23:12","modified_gmt":"2026-09-03T12:23:12","slug":"los-cebolleros-celebran-su-56-aniversario-con-actuaciones-en-teror-la-aldea-y-mancha-blanca-en-lanzarote","status":"publish","type":"post","link":"https:\/\/nublo.tv\/index.php\/2026\/09\/05\/los-cebolleros-celebran-su-56-aniversario-con-actuaciones-en-teror-la-aldea-y-mancha-blanca-en-lanzarote\/","title":{"rendered":"Los Cebolleros celebran su 56 aniversario con actuaciones en Teror, La Aldea y Mancha Blanca, en Lanzarote"},"content":{"rendered":"<h4><strong><em>L<\/em><\/strong><em>a agrupaci\u00f3n galdense inicia septiembre con una intensa agenda que le llevar\u00e1 a tres de las principales citas festivas y tradicionales de Canarias.<\/em><\/h4>\n<p>El\u00a0G.F. Los Cebolleros de G\u00e1ldar\u00a0acaba de cumplir\u00a056 a\u00f1os de trayectoria\u00a0y comienza la celebraci\u00f3n de este aniversario con un mes de septiembre cargado de actividad, ilusi\u00f3n y citas especialmente significativas para la agrupaci\u00f3n.<\/p>\n<p>El pr\u00f3ximo\u00a0lunes 7 de septiembre\u00a0, Los Cebolleros estar\u00e1n en\u00a0Teror para participar en la Romer\u00eda de El Pino\u00a0, integrados en la representaci\u00f3n del\u00a0municipio de Arucas\u00a0y acompa\u00f1ados por el\u00a0grupo de baile de Los Cabuqueros\u00a0. La participaci\u00f3n tendr\u00e1 adem\u00e1s un significado muy especial para la formaci\u00f3n galdense, ya que\u00a056 a\u00f1os despu\u00e9s regresar\u00e1 al mismo lugar donde realiz\u00f3 su primera actuaci\u00f3n\u00a0. Un regreso cargado de simbolismo que permitir\u00e1 a la agrupaci\u00f3n reencontrarse con el escenario donde comenz\u00f3 una trayectoria que llega ahora a m\u00e1s de cinco d\u00e9cadas.<\/p>\n<p>La actividad comenzar\u00e1 el\u00a0jueves 10 de septiembre\u00a0, con la participaci\u00f3n de Los Cebolleros, por\u00a0quinto a\u00f1o consecutivo\u00a0, en la\u00a0Romer\u00eda Ofrenda a San Nicol\u00e1s de Tolentino, en La Aldea de San Nicol\u00e1s\u00a0, una cita que se ha convertido ya en una de las habituales dentro del calendario de la agrupaci\u00f3n.<\/p>\n<p>Al d\u00eda siguiente, el\u00a0viernes 11 de septiembre\u00a0, Los Cebolleros pondr\u00e1n nuevamente rumbo a\u00a0Lanzarote\u00a0, una isla que conocen bien y donde han tenido la oportunidad de actuar en diferentes ocasiones. En esta ocasi\u00f3n, la agrupaci\u00f3n participar\u00e1 en el\u00a0Memorial Nanino D\u00edaz Cutillas\u00a0, que tendr\u00e1 lugar en\u00a0Mancha Blanca\u00a0, dentro del programa de las fiestas patronales en honor a\u00a0Nuestra Se\u00f1ora de los Volcanes\u00a0.<\/p>\n<p>La estancia en la isla tendr\u00e1 continuidad el\u00a0s\u00e1bado 12 de septiembre\u00a0, con la participaci\u00f3n en la\u00a0Romer\u00eda Ofrenda a la Virgen de los Volcanes\u00a0, una de las principales citas de las fiestas patronales.<\/p>\n<p>Aunque Los Cebolleros ya han visitado y actuado en Lanzarote en diferentes ocasiones, esta participaci\u00f3n tiene un significado especial para la agrupaci\u00f3n al permitirles formar parte, por primera vez, de\u00a0las fiestas patronales de la isla y de dos de sus principales actos\u00a0, el Memorial Nanino D\u00edaz Cutillas y la Romer\u00eda Ofrenda a la Virgen de los Volcanes.<\/p>\n<p>Para el presidente del GF Los Cebolleros,\u00a0Mois\u00e9s Rodr\u00edguez\u00a0, este inicio de aniversario combina el regreso a los or\u00edgenes con la incorporaci\u00f3n de nuevos hitos a la trayectoria de la agrupaci\u00f3n. \u00bb\u00a0Cumplir 56 a\u00f1os y comenzar el aniversario con tanta actividad es una enorme satisfacci\u00f3n. Volver a Teror, 56 a\u00f1os despu\u00e9s de nuestra primera actuaci\u00f3n, ser\u00e1 un momento muy especial para todos los que formamos parte del grupo\u00a0\u201d.<\/p>\n<p>Rodr\u00edguez destaca tambi\u00e9n la importancia de la participaci\u00f3n en Lanzarote: \u00bb\u00a0Lanzarote no es una isla nueva para nosotros, hemos estado all\u00ed en numerosas ocasiones. Lo que s\u00ed ten\u00edamos pendiente era participar en sus fiestas patronales, y esa era una espina que ten\u00edamos clavada. Por fin podremos formar parte de ellas y hacerlo adem\u00e1s en dos citas tan importantes como el Memorial Nanino D\u00edaz Cutillas y la Romer\u00eda de la Virgen de los Volcanes\u00a0\u201d.<\/p>\n<p>El presidente de Los Cebolleros se\u00f1ala que la agenda de septiembre representa tambi\u00e9n la continuidad de un proyecto que mantiene viva la agrupaci\u00f3n despu\u00e9s de m\u00e1s de medio siglo. \u00bb\u00a0Los 56 a\u00f1os no son una meta, sino una nueva oportunidad para seguir haciendo camino. Regresamos a donde empez\u00f3 nuestra historia y seguimos incorporando nuevos escenarios y nuevas experiencias a la trayectoria del grupo\u00a0\u00ab.<\/p>\n<p>Con estas tres citas,\u00a0Teror, La Aldea y Mancha Blanca\u00a0, Los Cebolleros dan comienzo a la celebraci\u00f3n de su\u00a056 aniversario\u00a0, manteniendo su compromiso con la difusi\u00f3n del folclore y la cultura tradicional de Canarias y llevando el nombre de\u00a0G\u00e1ldar\u00a0a diferentes escenarios del Archipi\u00e9lago.<\/p>\n<p>&nbsp;<\/p>\n<h1><\/h1>\n","protected":false},"excerpt":{"rendered":"<p>La agrupaci\u00f3n galdense inicia septiembre con una intensa agenda que le llevar\u00e1 a tres de las principales citas festivas y tradicionales de Canarias. El\u00a0G.F. Los Cebolleros de G\u00e1ldar\u00a0acaba de cumplir\u00a056 a\u00f1os de trayectoria\u00a0y comienza la celebraci\u00f3n de este aniversario con un mes de septiembre cargado de actividad, ilusi\u00f3n y citas especialmente significativas para la agrupaci\u00f3n. [&hellip;]<\/p>\n","protected":false},"author":50,"featured_media":19371,"comment_status":"open","ping_status":"open","sticky":false,"template":"","format":"standard","meta":{"wpai_generated_summary":"","wpai_meta_description":"","footnotes":""},"categories":[153,121],"tags":[],"class_list":["post-18888","post","type-post","status-publish","format-standard","has-post-thumbnail","hentry","category-galdar","category-noticias"],"_links":{"self":[{"href":"https:\/\/nublo.tv\/index.php\/wp-json\/wp\/v2\/posts\/18888","targetHints":{"allow":["GET"]}}],"collection":[{"href":"https:\/\/nublo.tv\/index.php\/wp-json\/wp\/v2\/posts"}],"about":[{"href":"https:\/\/nublo.tv\/index.php\/wp-json\/wp\/v2\/types\/post"}],"author":[{"embeddable":true,"href":"https:\/\/nublo.tv\/index.php\/wp-json\/wp\/v2\/users\/50"}],"replies":[{"embeddable":true,"href":"https:\/\/nublo.tv\/index.php\/wp-json\/wp\/v2\/comments?post=18888"}],"version-history":[{"count":1,"href":"https:\/\/nublo.tv\/index.php\/wp-json\/wp\/v2\/posts\/18888\/revisions"}],"predecessor-version":[{"id":18894,"href":"https:\/\/nublo.tv\/index.php\/wp-json\/wp\/v2\/posts\/18888\/revisions\/18894"}],"wp:featuredmedia":[{"embeddable":true,"href":"https:\/\/nublo.tv\/index.php\/wp-json\/wp\/v2\/media\/19371"}],"wp:attachment":[{"href":"https:\/\/nublo.tv\/index.php\/wp-json\/wp\/v2\/media?parent=18888"}],"wp:term":[{"taxonomy":"category","embeddable":true,"href":"https:\/\/nublo.tv\/index.php\/wp-json\/wp\/v2\/categories?post=18888"},{"taxonomy":"post_tag","embeddable":true,"href":"https:\/\/nublo.tv\/index.php\/wp-json\/wp\/v2\/tags?post=18888"}],"curies":[{"name":"wp","href":"https:\/\/api.w.org\/{rel}","templated":true}]}}