{"id":18902,"date":"2026-09-01T16:00:51","date_gmt":"2026-09-01T15:00:51","guid":{"rendered":"https:\/\/nublo.tv\/?p=18902"},"modified":"2026-09-01T16:00:51","modified_gmt":"2026-09-01T15:00:51","slug":"el-ayuntamiento-de-las-palmas-de-gran-canaria-celebra-una-nueva-edicion-del-holi-fest-con-musica-color-y-actividades-para-toda-la-familia","status":"publish","type":"post","link":"https:\/\/nublo.tv\/index.php\/2026\/09\/01\/el-ayuntamiento-de-las-palmas-de-gran-canaria-celebra-una-nueva-edicion-del-holi-fest-con-musica-color-y-actividades-para-toda-la-familia\/","title":{"rendered":"El Ayuntamiento de Las Palmas de Gran Canaria celebra una nueva edici\u00f3n del Holi Fest con m\u00fasica, color y actividades para toda la familia"},"content":{"rendered":"<div class=\"image col-sm-6 pull-right\"><\/div>\n<div class=\"container-fluid\">\n<p><strong>La Plaza de Canarias acoger\u00e1 este domingo, 6 de septiembre, una jornada con polvos Holi, m\u00fasica, Bollywood, talleres, artesan\u00eda, gastronom\u00eda y actividades infantiles<\/strong><\/p>\n<p>Las Palmas de Gran Canaria, 1 de septiembre de 2026. El Ayuntamiento de Las Palmas de Gran Canaria, a trav\u00e9s de la Concejal\u00eda del Distrito Isleta-Puerto-Guanarteme, celebrar\u00e1 este domingo, 6 de septiembre, una nueva edici\u00f3n del Holi Fest, una jornada de ocio y convivencia que llenar\u00e1 de m\u00fasica y color la Plaza de Canarias, en la trasera del Parque Santa Catalina.<\/p>\n<p>El evento se desarrollar\u00e1 entre las 11:00 y las 16:00 horas y contar\u00e1 con una amplia programaci\u00f3n dirigida a todos los p\u00fablicos, con lanzamientos de polvos Holi, sesiones de DJ, actuaciones de bailarines de Bollywood, talleres, feria de artesan\u00eda, food trucks, castillos hinchables y una fiesta de la espuma.<\/p>\n<p>El concejal del Distrito Isleta-Puerto-Guanarteme, H\u00e9ctor Alem\u00e1n, ha se\u00f1alado que \u201cel Holi Fest vuelve a ofrecer a las familias y a la ciudadan\u00eda una jornada diferente en la que compartir y disfrutar del espacio p\u00fablico a trav\u00e9s de la m\u00fasica, el color y una programaci\u00f3n pensada para todas las edades\u201d.<\/p>\n<p>Alem\u00e1n ha destacado adem\u00e1s que \u201cesta celebraci\u00f3n se ha convertido en una cita que favorece el encuentro y la convivencia y que contribuye a dinamizar uno de los espacios m\u00e1s emblem\u00e1ticos del distrito con actividades abiertas a toda la ciudadan\u00eda\u201d.<\/p>\n<p>La programaci\u00f3n combinar\u00e1 propuestas musicales y culturales con actividades de ocio. Los tradicionales polvos de colores, uno de los principales atractivos del Holi Fest, compartir\u00e1n protagonismo con la m\u00fasica de DJ y los espect\u00e1culos de Bollywood.<\/p>\n<p>La jornada contar\u00e1 asimismo con talleres y una feria de artesan\u00eda, adem\u00e1s de una zona de food trucks. La programaci\u00f3n destinada al p\u00fablico infantil incluir\u00e1 castillos hinchables y una fiesta de la espuma.<\/p>\n<p>El Holi Fest est\u00e1 inspirado en la tradicional celebraci\u00f3n india conocida por sus caracter\u00edsticos polvos de colores y por representar valores relacionados con la diversidad, la integraci\u00f3n y la celebraci\u00f3n colectiva. La iniciativa pretende convertir nuevamente la Plaza de Canarias en un espacio de encuentro y convivencia para familias, j\u00f3venes y personas de todas las edades.<\/p>\n<p>La participaci\u00f3n en las diferentes propuestas permitir\u00e1 disfrutar durante cinco horas de una jornada festiva en pleno entorno de Santa Catalina, combinando m\u00fasica, gastronom\u00eda, actividades infantiles y propuestas culturales.<\/p>\n<\/div>\n","protected":false},"excerpt":{"rendered":"<p>La Plaza de Canarias acoger\u00e1 este domingo, 6 de septiembre, una jornada con polvos Holi, m\u00fasica, Bollywood, talleres, artesan\u00eda, gastronom\u00eda y actividades infantiles Las Palmas de Gran Canaria, 1 de&hellip;<\/p>\n","protected":false},"author":1,"featured_media":18944,"comment_status":"open","ping_status":"open","sticky":false,"template":"","format":"standard","meta":{"wpai_generated_summary":"","wpai_meta_description":"","footnotes":""},"categories":[132],"tags":[],"class_list":["post-18902","post","type-post","status-publish","format-standard","has-post-thumbnail","hentry","category-ayuntamiento-de-las-palmas-de-gran-canaria"],"_links":{"self":[{"href":"https:\/\/nublo.tv\/index.php\/wp-json\/wp\/v2\/posts\/18902","targetHints":{"allow":["GET"]}}],"collection":[{"href":"https:\/\/nublo.tv\/index.php\/wp-json\/wp\/v2\/posts"}],"about":[{"href":"https:\/\/nublo.tv\/index.php\/wp-json\/wp\/v2\/types\/post"}],"author":[{"embeddable":true,"href":"https:\/\/nublo.tv\/index.php\/wp-json\/wp\/v2\/users\/1"}],"replies":[{"embeddable":true,"href":"https:\/\/nublo.tv\/index.php\/wp-json\/wp\/v2\/comments?post=18902"}],"version-history":[{"count":2,"href":"https:\/\/nublo.tv\/index.php\/wp-json\/wp\/v2\/posts\/18902\/revisions"}],"predecessor-version":[{"id":18943,"href":"https:\/\/nublo.tv\/index.php\/wp-json\/wp\/v2\/posts\/18902\/revisions\/18943"}],"wp:featuredmedia":[{"embeddable":true,"href":"https:\/\/nublo.tv\/index.php\/wp-json\/wp\/v2\/media\/18944"}],"wp:attachment":[{"href":"https:\/\/nublo.tv\/index.php\/wp-json\/wp\/v2\/media?parent=18902"}],"wp:term":[{"taxonomy":"category","embeddable":true,"href":"https:\/\/nublo.tv\/index.php\/wp-json\/wp\/v2\/categories?post=18902"},{"taxonomy":"post_tag","embeddable":true,"href":"https:\/\/nublo.tv\/index.php\/wp-json\/wp\/v2\/tags?post=18902"}],"curies":[{"name":"wp","href":"https:\/\/api.w.org\/{rel}","templated":true}]}}