{"id":18904,"date":"2026-09-01T15:38:37","date_gmt":"2026-09-01T14:38:37","guid":{"rendered":"https:\/\/nublo.tv\/?p=18904"},"modified":"2026-09-01T15:38:37","modified_gmt":"2026-09-01T14:38:37","slug":"darias-supervisa-las-mejoras-en-los-colegios-publicos-de-las-palmas-de-gran-canaria-antes-del-inicio-del-curso","status":"publish","type":"post","link":"https:\/\/nublo.tv\/index.php\/2026\/09\/01\/darias-supervisa-las-mejoras-en-los-colegios-publicos-de-las-palmas-de-gran-canaria-antes-del-inicio-del-curso\/","title":{"rendered":"Darias supervisa las mejoras en los colegios p\u00fablicos de Las Palmas de Gran Canaria antes del inicio del curso"},"content":{"rendered":"<p><strong>La alcaldesa de Las Palmas de Gran Canaria, Carolina Darias, visit\u00f3 este martes el CEIP Siete Palmas para comprobar las obras de mejora realizadas durante el verano en el centro, dentro de los trabajos de mantenimiento que el Ayuntamiento desarrolla en los 62 colegios p\u00fablicos de la ciudad ante el inicio del curso escolar, previsto para el 9 de septiembre.<\/strong><\/p>\n<p>Darias estuvo acompa\u00f1ada por la concejala de Educaci\u00f3n, Nina Santana; el jefe del Servicio de Educaci\u00f3n, V\u00edctor Alem\u00e1n, y la directora del CEIP Siete Palmas, Isabel Ram\u00edrez. Durante la visita, recorrieron las instalaciones para conocer las mejoras ejecutadas, que incluyen la pintura de la cancha deportiva, la retirada de farolas y soportes de iluminaci\u00f3n antiguos, la mejora del sistema de recogida de aguas pluviales, la instalaci\u00f3n de zonas de sombra en el patio y la reparaci\u00f3n de uno de los muros del centro.<\/p>\n<p>La alcaldesa explic\u00f3 que el Ayuntamiento realiza durante todo el a\u00f1o un trabajo de mantenimiento en los colegios p\u00fablicos, pero que se aprovechan las vacaciones para acometer actuaciones de mayor envergadura y causar el menor impacto posible en la actividad docente. Destac\u00f3 que se destinan 12 millones de euros al a\u00f1o al mantenimiento, la limpieza y la vigilancia de los centros, lo que, seg\u00fan sus palabras, \u00abacredita el compromiso del Gobierno municipal para que los colegios est\u00e9n en el mejor estado posible y para que los ni\u00f1os y ni\u00f1as puedan disfrutar del nuevo curso en las mejores condiciones\u00bb.<\/p>\n<p>Los trabajos de conservaci\u00f3n son permanentes e incluyen la reposici\u00f3n de carpinter\u00eda de madera y met\u00e1lica, pintura, alba\u00f1iler\u00eda, reparaci\u00f3n de cubiertas, impermeabilizaciones, fontaner\u00eda, instalaciones el\u00e9ctricas, sistemas contra incendios, placas solares y elementos de mobiliario como porteros autom\u00e1ticos y alarmas.<\/p>\n<p>La concejala de Educaci\u00f3n, Nina Santana, se\u00f1al\u00f3 que durante el curso se realiza un mantenimiento permanente con un aplicativo que permite a las direcciones de los colegios comunicar sus necesidades. Durante el verano, a\u00f1adi\u00f3, \u00abaprovechamos para realizar las actuaciones de mayor envergadura y conseguir que, cuando los ni\u00f1os y ni\u00f1as vuelvan el 9 de septiembre, encuentren centros seguros, de calidad y con espacios agradables\u00bb.<\/p>\n<p>El Ayuntamiento destina 12 millones de euros anuales a los servicios de limpieza, mantenimiento y vigilancia de los centros educativos p\u00fablicos y otros espacios municipales vinculados a la educaci\u00f3n. De esta cantidad, casi 10,5 millones corresponden al contrato de limpieza y mantenimiento de los 62 colegios p\u00fablicos, las sedes de la Universidad Popular y las Escuelas Municipales de Educaci\u00f3n Musical. Este contrato, con una duraci\u00f3n de tres a\u00f1os hasta 2027, ha supuesto un incremento del 75% respecto al anterior. Los 1,6 millones restantes se destinan al servicio de vigilancia de los colegios p\u00fablicos y de las sedes de la Universidad Popular.<\/p>\n<p>Darias agradeci\u00f3 el trabajo de la Concejal\u00eda de Educaci\u00f3n y de su personal, as\u00ed como la labor diaria de la comunidad educativa para el cuidado y buen funcionamiento de los centros.<\/p>\n","protected":false},"excerpt":{"rendered":"<p>La alcaldesa de Las Palmas de Gran Canaria, Carolina Darias, ha visitado el CEIP Siete Palmas, donde se han realizado mejoras en la cancha deportiva, la recogida de aguas pluviales,&hellip;<\/p>\n","protected":false},"author":1,"featured_media":18930,"comment_status":"open","ping_status":"open","sticky":false,"template":"","format":"standard","meta":{"wpai_generated_summary":"","wpai_meta_description":"","footnotes":""},"categories":[132],"tags":[],"class_list":["post-18904","post","type-post","status-publish","format-standard","has-post-thumbnail","hentry","category-ayuntamiento-de-las-palmas-de-gran-canaria"],"_links":{"self":[{"href":"https:\/\/nublo.tv\/index.php\/wp-json\/wp\/v2\/posts\/18904","targetHints":{"allow":["GET"]}}],"collection":[{"href":"https:\/\/nublo.tv\/index.php\/wp-json\/wp\/v2\/posts"}],"about":[{"href":"https:\/\/nublo.tv\/index.php\/wp-json\/wp\/v2\/types\/post"}],"author":[{"embeddable":true,"href":"https:\/\/nublo.tv\/index.php\/wp-json\/wp\/v2\/users\/1"}],"replies":[{"embeddable":true,"href":"https:\/\/nublo.tv\/index.php\/wp-json\/wp\/v2\/comments?post=18904"}],"version-history":[{"count":2,"href":"https:\/\/nublo.tv\/index.php\/wp-json\/wp\/v2\/posts\/18904\/revisions"}],"predecessor-version":[{"id":18929,"href":"https:\/\/nublo.tv\/index.php\/wp-json\/wp\/v2\/posts\/18904\/revisions\/18929"}],"wp:featuredmedia":[{"embeddable":true,"href":"https:\/\/nublo.tv\/index.php\/wp-json\/wp\/v2\/media\/18930"}],"wp:attachment":[{"href":"https:\/\/nublo.tv\/index.php\/wp-json\/wp\/v2\/media?parent=18904"}],"wp:term":[{"taxonomy":"category","embeddable":true,"href":"https:\/\/nublo.tv\/index.php\/wp-json\/wp\/v2\/categories?post=18904"},{"taxonomy":"post_tag","embeddable":true,"href":"https:\/\/nublo.tv\/index.php\/wp-json\/wp\/v2\/tags?post=18904"}],"curies":[{"name":"wp","href":"https:\/\/api.w.org\/{rel}","templated":true}]}}