{"id":18906,"date":"2026-09-01T15:38:29","date_gmt":"2026-09-01T14:38:29","guid":{"rendered":"https:\/\/nublo.tv\/?p=18906"},"modified":"2026-09-01T15:38:29","modified_gmt":"2026-09-01T14:38:29","slug":"mareas-vivas-regresa-a-arinaga-con-calistenia-skate-musica-y-cultura-urbana","status":"publish","type":"post","link":"https:\/\/nublo.tv\/index.php\/2026\/09\/01\/mareas-vivas-regresa-a-arinaga-con-calistenia-skate-musica-y-cultura-urbana\/","title":{"rendered":"Mareas Vivas regresa a Arinaga con calistenia, skate, m\u00fasica y cultura urbana"},"content":{"rendered":"<p><strong>El festival juvenil Mareas Vivas vuelve al Parque Urbano de Arinaga el 4 de septiembre, con actividades gratuitas de 16:00 a 22:00 para j\u00f3venes de 14 a 30 a\u00f1os.<\/strong><\/p>\n<p>La iniciativa, organizada por el Ayuntamiento de Ag\u00fcimes, se desarrollar\u00e1 entre las 16:00 y las 22:00 y ofrece una amplia gama de propuestas gratuitas que incluyen un Campeonato de Calistenia y una Batalla de Promesas, donde los participantes medir\u00e1n su creatividad musical.<\/p>\n<p>La jornada tambi\u00e9n contar\u00e1 con una exhibici\u00f3n de skate en el mayor parque de este deporte en Canarias, adem\u00e1s de un circuito de coches a pedales, la tradicional bola canaria y retos y din\u00e1micas dirigidas al p\u00fablico joven.<\/p>\n<p>Para la zona de ocio y nuevas tecnolog\u00edas se dispone de un espacio gamer, un simulador de rally y un fotomat\u00f3n, as\u00ed como un stand del Espacio Joven, donde se podr\u00e1n conocer los recursos y actividades municipales dirigidos a la juventud.<\/p>\n<p>El festival ofrece talleres de pintura expr\u00e9s y decoraci\u00f3n de macetas, entre otras propuestas creativas.<\/p>\n<p>A las 19:00 se presentar\u00e1n j\u00f3venes talentos de la m\u00fasica, que compartir\u00e1n su arte con el p\u00fablico.<\/p>\n<p>El evento forma parte de las fiestas del Pino de Arinaga y se consolida como una de las citas destinadas a la juventud dentro del calendario festivo, promoviendo la pr\u00e1ctica deportiva, la creatividad y el talento local.<\/p>\n<p><img loading=\"lazy\" decoding=\"async\" class=\"wp-image-82439\" src=\"https:\/\/aguimes.es\/wp-content\/uploads\/2026\/09\/MAREAS-VIVAS-2026-1024x1024.jpg\" alt=\"\" width=\"1024\" height=\"1024\" \/><\/p>\n","protected":false},"excerpt":{"rendered":"<p>El evento, dirigido a j\u00f3venes de 14 a 30 a\u00f1os, se celebrar\u00e1 este viernes 4 de septiembre en el Parque Urbano de Arinaga con actividades gratuitas de 16:00 a 22:00.&nbsp;&nbsp;&nbsp;&nbsp;&nbsp;&nbsp;&nbsp;&hellip;<\/p>\n","protected":false},"author":1,"featured_media":18928,"comment_status":"open","ping_status":"open","sticky":false,"template":"","format":"standard","meta":{"wpai_generated_summary":"","wpai_meta_description":"","footnotes":""},"categories":[125],"tags":[],"class_list":["post-18906","post","type-post","status-publish","format-standard","has-post-thumbnail","hentry","category-ayuntamiento-de-aguimes"],"_links":{"self":[{"href":"https:\/\/nublo.tv\/index.php\/wp-json\/wp\/v2\/posts\/18906","targetHints":{"allow":["GET"]}}],"collection":[{"href":"https:\/\/nublo.tv\/index.php\/wp-json\/wp\/v2\/posts"}],"about":[{"href":"https:\/\/nublo.tv\/index.php\/wp-json\/wp\/v2\/types\/post"}],"author":[{"embeddable":true,"href":"https:\/\/nublo.tv\/index.php\/wp-json\/wp\/v2\/users\/1"}],"replies":[{"embeddable":true,"href":"https:\/\/nublo.tv\/index.php\/wp-json\/wp\/v2\/comments?post=18906"}],"version-history":[{"count":2,"href":"https:\/\/nublo.tv\/index.php\/wp-json\/wp\/v2\/posts\/18906\/revisions"}],"predecessor-version":[{"id":18927,"href":"https:\/\/nublo.tv\/index.php\/wp-json\/wp\/v2\/posts\/18906\/revisions\/18927"}],"wp:featuredmedia":[{"embeddable":true,"href":"https:\/\/nublo.tv\/index.php\/wp-json\/wp\/v2\/media\/18928"}],"wp:attachment":[{"href":"https:\/\/nublo.tv\/index.php\/wp-json\/wp\/v2\/media?parent=18906"}],"wp:term":[{"taxonomy":"category","embeddable":true,"href":"https:\/\/nublo.tv\/index.php\/wp-json\/wp\/v2\/categories?post=18906"},{"taxonomy":"post_tag","embeddable":true,"href":"https:\/\/nublo.tv\/index.php\/wp-json\/wp\/v2\/tags?post=18906"}],"curies":[{"name":"wp","href":"https:\/\/api.w.org\/{rel}","templated":true}]}}