{"id":18909,"date":"2026-09-01T15:39:01","date_gmt":"2026-09-01T14:39:01","guid":{"rendered":"https:\/\/nublo.tv\/?p=18909"},"modified":"2026-09-01T15:39:01","modified_gmt":"2026-09-01T14:39:01","slug":"el-ayuntamiento-ofrece-300-plazas-gratuitas-en-guaguas-para-acompanar-la-carreta-de-santa-lucia-de-tirajana-en-teror","status":"publish","type":"post","link":"https:\/\/nublo.tv\/index.php\/2026\/09\/01\/el-ayuntamiento-ofrece-300-plazas-gratuitas-en-guaguas-para-acompanar-la-carreta-de-santa-lucia-de-tirajana-en-teror\/","title":{"rendered":"El Ayuntamiento ofrece 300 plazas gratuitas en guaguas para acompa\u00f1ar la carreta de Santa Luc\u00eda de Tirajana en Teror"},"content":{"rendered":"<p><b>E<\/b>l Ayuntamiento de Santa Luc\u00eda de Tirajana pone a disposici\u00f3n de sus vecinos y vecinas 305 plazas de guagua para subir gratis el pr\u00f3ximo 7 de septiembre a la Ofrenda Romer\u00eda del Pino en Teror. Quienes deseen subir para acompa\u00f1ar a la carreta de Santa Luc\u00eda de Tirajana pueden inscribirse en el Ateneo Municipal o en las oficinas del Ayuntamiento en Santa Luc\u00eda Casco.<\/p>\n<p>El d\u00eda de la romer\u00eda saldr\u00e1n cuatro guaguas desde el Museo de la Zafra y una desde el parque de Santa Luc\u00eda casco. Las guaguas saldr\u00e1n hacia Teror a las 14 horas y regresar\u00e1n a las 22 horas. Adem\u00e1s el cabildo se encargar\u00e1 del traslado de la Parranda El Paradero y el cuerpo de Baile de Santa Luc\u00eda de Tirajana.<\/p>\n<p>Este a\u00f1o el protagonista de la carreta municipal ser\u00e1 el tomate, un gran cereto con tomates rojos construido por personal municipal representar\u00e1 al Ayuntamiento de Santa Luc\u00eda de\u00a0 Tirajana. Como cada a\u00f1o junto a la carreta ir\u00e1n el alcalde, los concejales y concejalas de la Corporaci\u00f3n Municipal, la parranda, el cuerpo de baile y los vecinos y vecinas del municipio que quieran acercarse a Teror. Desde el Ayuntamiento se recuerda que para participar en la ofrenda romer\u00eda hay que ir con vestimenta tradicional canaria.<\/p>\n<p>El concejal de Identidad Jos\u00e9 Miguel Vera anima \u201ca la ciudadan\u00eda a acudir a esta fiesta de la patrona de la isla, donde cada municipio aporta elementos de su identidad y este a\u00f1o queremos reconocer el valor que tiene el cultivo del tomate en la historia de Santa Luc\u00eda de Tirajana\u201d. Vera a\u00f1ade que \u201cla carreta de este a\u00f1o la dejaremos de forma permanente en el museo de La Zafra y podremos volver a usarla tambi\u00e9n en eventos municipales que pongan en valor a nuestro sector primario\u201d.<\/p>\n<p>Gabinete de Comunicaci\u00f3n, Santa Luc\u00eda de Tirajana martes 1 de septiembre de\u00a0 2026.<\/p>\n","protected":false},"excerpt":{"rendered":"<p>El Ayuntamiento de Santa Luc\u00eda de Tirajana pone a disposici\u00f3n de sus vecinos y vecinas 305 plazas de guagua para subir gratis el pr\u00f3ximo 7 de septiembre a la Ofrenda Romer\u00eda del Pino en Teror. Quienes deseen subir para acompa\u00f1ar a la carreta de Santa Luc\u00eda de Tirajana pueden inscribirse en el Ateneo Municipal o [&hellip;]<\/p>\n","protected":false},"author":1,"featured_media":18940,"comment_status":"open","ping_status":"open","sticky":false,"template":"","format":"standard","meta":{"wpai_generated_summary":"","wpai_meta_description":"","footnotes":""},"categories":[137],"tags":[],"class_list":["post-18909","post","type-post","status-publish","format-standard","has-post-thumbnail","hentry","category-ayuntamiento-de-santa-lucia-de-tirajana"],"_links":{"self":[{"href":"https:\/\/nublo.tv\/index.php\/wp-json\/wp\/v2\/posts\/18909","targetHints":{"allow":["GET"]}}],"collection":[{"href":"https:\/\/nublo.tv\/index.php\/wp-json\/wp\/v2\/posts"}],"about":[{"href":"https:\/\/nublo.tv\/index.php\/wp-json\/wp\/v2\/types\/post"}],"author":[{"embeddable":true,"href":"https:\/\/nublo.tv\/index.php\/wp-json\/wp\/v2\/users\/1"}],"replies":[{"embeddable":true,"href":"https:\/\/nublo.tv\/index.php\/wp-json\/wp\/v2\/comments?post=18909"}],"version-history":[{"count":2,"href":"https:\/\/nublo.tv\/index.php\/wp-json\/wp\/v2\/posts\/18909\/revisions"}],"predecessor-version":[{"id":18939,"href":"https:\/\/nublo.tv\/index.php\/wp-json\/wp\/v2\/posts\/18909\/revisions\/18939"}],"wp:featuredmedia":[{"embeddable":true,"href":"https:\/\/nublo.tv\/index.php\/wp-json\/wp\/v2\/media\/18940"}],"wp:attachment":[{"href":"https:\/\/nublo.tv\/index.php\/wp-json\/wp\/v2\/media?parent=18909"}],"wp:term":[{"taxonomy":"category","embeddable":true,"href":"https:\/\/nublo.tv\/index.php\/wp-json\/wp\/v2\/categories?post=18909"},{"taxonomy":"post_tag","embeddable":true,"href":"https:\/\/nublo.tv\/index.php\/wp-json\/wp\/v2\/tags?post=18909"}],"curies":[{"name":"wp","href":"https:\/\/api.w.org\/{rel}","templated":true}]}}