{"id":18914,"date":"2026-09-01T15:38:48","date_gmt":"2026-09-01T14:38:48","guid":{"rendered":"https:\/\/nublo.tv\/?p=18914"},"modified":"2026-09-01T15:38:48","modified_gmt":"2026-09-01T14:38:48","slug":"soge-culebra-y-bejo-actuan-en-el-pinito-fest-este-viernes-en-teror","status":"publish","type":"post","link":"https:\/\/nublo.tv\/index.php\/2026\/09\/01\/soge-culebra-y-bejo-actuan-en-el-pinito-fest-este-viernes-en-teror\/","title":{"rendered":"Soge Culebra y Bejo act\u00faan en el \u2018Pinito Fest\u2019 este viernes en Teror"},"content":{"rendered":"<p><strong>El \u2018Pinito Fest\u2019 de la Fiesta del Pino en Teror contar\u00e1 este viernes 4 de septiembre con Soge Culebra, Bejo, Rodrigo F\u00e9nix, Elo Minetti y Dj Airam Vega en la Plaza de Sintes, desde las 20:30 hasta las 2:00 horas, con entrada gratuita.<\/strong><\/p>\n<p>El festival, organizado por la Concejal\u00eda de Festejos del Ayuntamiento de Teror, incluye un espect\u00e1culo de baile urbano de M\u00fadate Studio con una treintena de j\u00f3venes del municipio como apertura.<\/p>\n<p>Guaguas Global dispondr\u00e1 de un servicio especial de refuerzo para facilitar el transporte entre Las Palmas de Gran Canaria y Teror.<\/p>\n<p>El evento contar\u00e1 con un punto violeta de la Concejal\u00eda de Igualdad, que difundir\u00e1 la campa\u00f1a \u00abVioleta Verde de Teror\u00bb para garantizar un espacio inclusivo, libre de violencia y acoso.<\/p>\n<p>El programa de la Fiesta del Pino 2026 incluye unas 40 actuaciones musicales gratuitas, como los conciertos de Nena Daconte (5 de septiembre), Seguridad Social (8 de septiembre) o Cali y El Dandee (10 de septiembre).<\/p>\n","protected":false},"excerpt":{"rendered":"<p>El festival juvenil de la Fiesta del Pino, que tendr\u00e1 lugar en la Plaza de Sintes, a partir de las 20:30 horas, con acceso libre, tambi\u00e9n contar\u00e1 con los artistas&hellip;<\/p>\n","protected":false},"author":1,"featured_media":18936,"comment_status":"open","ping_status":"open","sticky":false,"template":"","format":"standard","meta":{"wpai_generated_summary":"","wpai_meta_description":"","footnotes":""},"categories":[141],"tags":[],"class_list":["post-18914","post","type-post","status-publish","format-standard","has-post-thumbnail","hentry","category-ayuntamiento-de-teror"],"_links":{"self":[{"href":"https:\/\/nublo.tv\/index.php\/wp-json\/wp\/v2\/posts\/18914","targetHints":{"allow":["GET"]}}],"collection":[{"href":"https:\/\/nublo.tv\/index.php\/wp-json\/wp\/v2\/posts"}],"about":[{"href":"https:\/\/nublo.tv\/index.php\/wp-json\/wp\/v2\/types\/post"}],"author":[{"embeddable":true,"href":"https:\/\/nublo.tv\/index.php\/wp-json\/wp\/v2\/users\/1"}],"replies":[{"embeddable":true,"href":"https:\/\/nublo.tv\/index.php\/wp-json\/wp\/v2\/comments?post=18914"}],"version-history":[{"count":2,"href":"https:\/\/nublo.tv\/index.php\/wp-json\/wp\/v2\/posts\/18914\/revisions"}],"predecessor-version":[{"id":18935,"href":"https:\/\/nublo.tv\/index.php\/wp-json\/wp\/v2\/posts\/18914\/revisions\/18935"}],"wp:featuredmedia":[{"embeddable":true,"href":"https:\/\/nublo.tv\/index.php\/wp-json\/wp\/v2\/media\/18936"}],"wp:attachment":[{"href":"https:\/\/nublo.tv\/index.php\/wp-json\/wp\/v2\/media?parent=18914"}],"wp:term":[{"taxonomy":"category","embeddable":true,"href":"https:\/\/nublo.tv\/index.php\/wp-json\/wp\/v2\/categories?post=18914"},{"taxonomy":"post_tag","embeddable":true,"href":"https:\/\/nublo.tv\/index.php\/wp-json\/wp\/v2\/tags?post=18914"}],"curies":[{"name":"wp","href":"https:\/\/api.w.org\/{rel}","templated":true}]}}