{"id":18916,"date":"2026-09-01T15:38:43","date_gmt":"2026-09-01T14:38:43","guid":{"rendered":"https:\/\/nublo.tv\/?p=18916"},"modified":"2026-09-01T15:38:43","modified_gmt":"2026-09-01T14:38:43","slug":"turismo-de-teror-expone-vestimentas-tradicionales-de-los-siglos-xviii-xix-y-organiza-un-pase-de-trajes","status":"publish","type":"post","link":"https:\/\/nublo.tv\/index.php\/2026\/09\/01\/turismo-de-teror-expone-vestimentas-tradicionales-de-los-siglos-xviii-xix-y-organiza-un-pase-de-trajes\/","title":{"rendered":"Turismo de Teror expone vestimentas tradicionales de los siglos XVIII-XIX y organiza un pase de trajes"},"content":{"rendered":"<p><strong>El Centro de Turismo de Teror inaugura este martes 1 de septiembre una exposici\u00f3n de vestimentas tradicionales de los siglos XVIII-XIX y organiza un pase-desfile el mi\u00e9rcoles 2 en la Alameda P\u00edo XII.<\/strong><\/p>\n<p>La muestra, con piezas de la colecci\u00f3n del Grupo de Baile \u2018Erasmo Hern\u00e1ndez\u2019, busca divulgar el rigor hist\u00f3rico del patrimonio textil de Gran Canaria y la identidad canaria. Permanecer\u00e1 abierta hasta el 20 de septiembre, durante la Fiesta del Pino, en horario de lunes a s\u00e1bado, de 9:30 a 16:30 horas, con entrada libre.<\/p>\n<p><a href=\"https:\/\/teror.es\/wp-content\/uploads\/2026\/09\/1S_exposicion-Vestimenta-Canaria3.jpeg\"><img loading=\"lazy\" decoding=\"async\" class=\"alignright size-vp_sm wp-image-99486\" src=\"https:\/\/teror.es\/wp-content\/uploads\/2026\/09\/1S_exposicion-Vestimenta-Canaria3-500x281.jpeg\" alt=\"\" width=\"500\" height=\"281\" \/><\/a> <a href=\"https:\/\/teror.es\/wp-content\/uploads\/2026\/09\/1S_exposicion-Vestimenta-Canaria5.jpeg\"><img loading=\"lazy\" decoding=\"async\" class=\"alignright size-vp_sm wp-image-99488\" src=\"https:\/\/teror.es\/wp-content\/uploads\/2026\/09\/1S_exposicion-Vestimenta-Canaria5-500x281.jpeg\" alt=\"\" width=\"500\" height=\"281\" \/><\/a><\/p>\n<p>El acto de inauguraci\u00f3n, este martes a las 18:00 horas, incluir\u00e1 la actuaci\u00f3n de la Parranda El Lebrillo y el Cuerpo de Baile \u2018Erasmo Hern\u00e1ndez\u2019. A las 19:00 horas, David Naranjo impartir\u00e1 la charla \u00ab\u00bfQu\u00e9 es realmente la identidad canaria?\u00bb.<\/p>\n<p>El mi\u00e9rcoles 2 de septiembre, a las 19:00 horas, tendr\u00e1 lugar el pase-desfile de vestimenta tradicional en la Alameda P\u00edo XII, con actuaci\u00f3n musical del grupo \u2018Cantos de Origen\u2019 (solistas Patricia Mu\u00f1oz y Jonathan Campos; m\u00fasicos Miguel Afonso, Gonzalo Mac\u00edas, Ivanoff Rodr\u00edguez y Samuel Medina).<\/p>\n","protected":false},"excerpt":{"rendered":"<p>La exposici\u00f3n se inaugura este martes a las 18:00 horas y el pase se realiza el mi\u00e9rcoles 2 de septiembre en la Alameda P\u00edo XII, a las 19:00 horas. El&hellip;<\/p>\n","protected":false},"author":1,"featured_media":18934,"comment_status":"open","ping_status":"open","sticky":false,"template":"","format":"standard","meta":{"wpai_generated_summary":"","wpai_meta_description":"","footnotes":""},"categories":[141],"tags":[],"class_list":["post-18916","post","type-post","status-publish","format-standard","has-post-thumbnail","hentry","category-ayuntamiento-de-teror"],"_links":{"self":[{"href":"https:\/\/nublo.tv\/index.php\/wp-json\/wp\/v2\/posts\/18916","targetHints":{"allow":["GET"]}}],"collection":[{"href":"https:\/\/nublo.tv\/index.php\/wp-json\/wp\/v2\/posts"}],"about":[{"href":"https:\/\/nublo.tv\/index.php\/wp-json\/wp\/v2\/types\/post"}],"author":[{"embeddable":true,"href":"https:\/\/nublo.tv\/index.php\/wp-json\/wp\/v2\/users\/1"}],"replies":[{"embeddable":true,"href":"https:\/\/nublo.tv\/index.php\/wp-json\/wp\/v2\/comments?post=18916"}],"version-history":[{"count":2,"href":"https:\/\/nublo.tv\/index.php\/wp-json\/wp\/v2\/posts\/18916\/revisions"}],"predecessor-version":[{"id":18933,"href":"https:\/\/nublo.tv\/index.php\/wp-json\/wp\/v2\/posts\/18916\/revisions\/18933"}],"wp:featuredmedia":[{"embeddable":true,"href":"https:\/\/nublo.tv\/index.php\/wp-json\/wp\/v2\/media\/18934"}],"wp:attachment":[{"href":"https:\/\/nublo.tv\/index.php\/wp-json\/wp\/v2\/media?parent=18916"}],"wp:term":[{"taxonomy":"category","embeddable":true,"href":"https:\/\/nublo.tv\/index.php\/wp-json\/wp\/v2\/categories?post=18916"},{"taxonomy":"post_tag","embeddable":true,"href":"https:\/\/nublo.tv\/index.php\/wp-json\/wp\/v2\/tags?post=18916"}],"curies":[{"name":"wp","href":"https:\/\/api.w.org\/{rel}","templated":true}]}}