{"id":18948,"date":"2026-09-01T16:22:07","date_gmt":"2026-09-01T15:22:07","guid":{"rendered":"https:\/\/nublo.tv\/?p=18948"},"modified":"2026-09-01T16:22:07","modified_gmt":"2026-09-01T15:22:07","slug":"valentin-pezzolesi-firma-extension-de-contrato-con-la-ud-las-palmas-hasta-2031","status":"publish","type":"post","link":"https:\/\/nublo.tv\/index.php\/2026\/09\/01\/valentin-pezzolesi-firma-extension-de-contrato-con-la-ud-las-palmas-hasta-2031\/","title":{"rendered":"Valent\u00edn Pezzolesi firma extensi\u00f3n de contrato con la UD Las Palmas hasta 2031"},"content":{"rendered":"<p><strong>Valent\u00edn Pezzolesi, de 19 a\u00f1os, ha renovado su contrato con la UD Las Palmas hasta el 30 de junio de 2031, asegurando su presencia en el primer equipo durante las pr\u00f3ximas cinco temporadas.<\/strong><\/p>\n<p>El lateral derecho, formado en la cantera amarilla, suma en la presente temporada tres partidos y 270 minutos como titular en la competici\u00f3n.<\/p>\n<p>Durante la concentraci\u00f3n en Marbella, Pezzolesi fue uno de los jugadores con m\u00e1s minutos disputados.<\/p>\n<p>El canterano debut\u00f3 en la primera divisi\u00f3n en la temporada 2024\/25, convirti\u00e9ndose en el jugador m\u00e1s joven de la UD Las Palmas en llegar a la m\u00e1xima categor\u00eda.<\/p>\n<p>Con esta extensi\u00f3n, el club refuerza su compromiso con el talento emergente de la propia cantera.<\/p>\n","protected":false},"excerpt":{"rendered":"<p>La UD Las Palmas y Valent\u00edn Pezzolesi han alcanzado un acuerdo para ampliar la vinculaci\u00f3n del canterano con la entidad amarilla hasta el 30 de junio de 2031. De esta&hellip;<\/p>\n","protected":false},"author":1,"featured_media":18952,"comment_status":"open","ping_status":"open","sticky":false,"template":"","format":"standard","meta":{"wpai_generated_summary":"","wpai_meta_description":"","footnotes":""},"categories":[122],"tags":[],"class_list":["post-18948","post","type-post","status-publish","format-standard","has-post-thumbnail","hentry","category-deportes"],"_links":{"self":[{"href":"https:\/\/nublo.tv\/index.php\/wp-json\/wp\/v2\/posts\/18948","targetHints":{"allow":["GET"]}}],"collection":[{"href":"https:\/\/nublo.tv\/index.php\/wp-json\/wp\/v2\/posts"}],"about":[{"href":"https:\/\/nublo.tv\/index.php\/wp-json\/wp\/v2\/types\/post"}],"author":[{"embeddable":true,"href":"https:\/\/nublo.tv\/index.php\/wp-json\/wp\/v2\/users\/1"}],"replies":[{"embeddable":true,"href":"https:\/\/nublo.tv\/index.php\/wp-json\/wp\/v2\/comments?post=18948"}],"version-history":[{"count":2,"href":"https:\/\/nublo.tv\/index.php\/wp-json\/wp\/v2\/posts\/18948\/revisions"}],"predecessor-version":[{"id":18951,"href":"https:\/\/nublo.tv\/index.php\/wp-json\/wp\/v2\/posts\/18948\/revisions\/18951"}],"wp:featuredmedia":[{"embeddable":true,"href":"https:\/\/nublo.tv\/index.php\/wp-json\/wp\/v2\/media\/18952"}],"wp:attachment":[{"href":"https:\/\/nublo.tv\/index.php\/wp-json\/wp\/v2\/media?parent=18948"}],"wp:term":[{"taxonomy":"category","embeddable":true,"href":"https:\/\/nublo.tv\/index.php\/wp-json\/wp\/v2\/categories?post=18948"},{"taxonomy":"post_tag","embeddable":true,"href":"https:\/\/nublo.tv\/index.php\/wp-json\/wp\/v2\/tags?post=18948"}],"curies":[{"name":"wp","href":"https:\/\/api.w.org\/{rel}","templated":true}]}}