{"id":18954,"date":"2026-09-01T17:05:37","date_gmt":"2026-09-01T16:05:37","guid":{"rendered":"https:\/\/nublo.tv\/?p=18954"},"modified":"2026-09-01T17:05:37","modified_gmt":"2026-09-01T16:05:37","slug":"la-villa-de-moya-anuncia-el-xii-festival-costa-norte-en-rueda-de-prensa","status":"publish","type":"post","link":"https:\/\/nublo.tv\/index.php\/2026\/09\/01\/la-villa-de-moya-anuncia-el-xii-festival-costa-norte-en-rueda-de-prensa\/","title":{"rendered":"La Villa de Moya anuncia el XII Festival Costa Norte en rueda de prensa"},"content":{"rendered":"<p><strong>La Villa de Moya anunci\u00f3 el XII Festival Costa Norte el 1 de septiembre de 2026, y la rueda de prensa tendr\u00e1 lugar el 2 de septiembre a las 10.00 en la Calle El Altillo 22, en la costa de Moya.<\/strong><\/p>\n<p>El evento, con el apoyo del Cabildo de Gran Canaria, pretende poner en valor los grandes rasgos de la Comarca Norte de la isla y, en particular, su franja costera.<\/p>\n<p>La rueda contar\u00e1 con la presencia de Teodoro Sosa, consejero de Presidencia y Movilidad Sostenible del Cabildo, el alcalde Ra\u00fal Afonso y el concejal de Cultura y Juventud Octavio Su\u00e1rez.<\/p>\n","protected":false},"excerpt":{"rendered":"<p>Rueda de prensa de presentaci\u00f3n del XII Festival Costa Norte &nbsp; D\u00eda: Mi\u00e9rcoles 2 de septiembre Horario: 10.00 Lugar: Calle El Altillo 22 (costa de Moya) &nbsp; Gran Canaria, 1&hellip;<\/p>\n","protected":false},"author":1,"featured_media":18955,"comment_status":"open","ping_status":"open","sticky":false,"template":"","format":"standard","meta":{"wpai_generated_summary":"","wpai_meta_description":"","footnotes":""},"categories":[148],"tags":[],"class_list":["post-18954","post","type-post","status-publish","format-standard","has-post-thumbnail","hentry","category-cabildo-de-gran-canaria"],"_links":{"self":[{"href":"https:\/\/nublo.tv\/index.php\/wp-json\/wp\/v2\/posts\/18954","targetHints":{"allow":["GET"]}}],"collection":[{"href":"https:\/\/nublo.tv\/index.php\/wp-json\/wp\/v2\/posts"}],"about":[{"href":"https:\/\/nublo.tv\/index.php\/wp-json\/wp\/v2\/types\/post"}],"author":[{"embeddable":true,"href":"https:\/\/nublo.tv\/index.php\/wp-json\/wp\/v2\/users\/1"}],"replies":[{"embeddable":true,"href":"https:\/\/nublo.tv\/index.php\/wp-json\/wp\/v2\/comments?post=18954"}],"version-history":[{"count":2,"href":"https:\/\/nublo.tv\/index.php\/wp-json\/wp\/v2\/posts\/18954\/revisions"}],"predecessor-version":[{"id":18958,"href":"https:\/\/nublo.tv\/index.php\/wp-json\/wp\/v2\/posts\/18954\/revisions\/18958"}],"wp:featuredmedia":[{"embeddable":true,"href":"https:\/\/nublo.tv\/index.php\/wp-json\/wp\/v2\/media\/18955"}],"wp:attachment":[{"href":"https:\/\/nublo.tv\/index.php\/wp-json\/wp\/v2\/media?parent=18954"}],"wp:term":[{"taxonomy":"category","embeddable":true,"href":"https:\/\/nublo.tv\/index.php\/wp-json\/wp\/v2\/categories?post=18954"},{"taxonomy":"post_tag","embeddable":true,"href":"https:\/\/nublo.tv\/index.php\/wp-json\/wp\/v2\/tags?post=18954"}],"curies":[{"name":"wp","href":"https:\/\/api.w.org\/{rel}","templated":true}]}}