{"id":18959,"date":"2026-09-01T17:20:40","date_gmt":"2026-09-01T16:20:40","guid":{"rendered":"https:\/\/nublo.tv\/?p=18959"},"modified":"2026-09-01T17:20:40","modified_gmt":"2026-09-01T16:20:40","slug":"el-cabildo-de-gran-canaria-convoca-ayudas-extraordinarias-al-sector-primario-por-la-crisis-de-oriente-medio-y-la-borrasca-therese","status":"publish","type":"post","link":"https:\/\/nublo.tv\/index.php\/2026\/09\/01\/el-cabildo-de-gran-canaria-convoca-ayudas-extraordinarias-al-sector-primario-por-la-crisis-de-oriente-medio-y-la-borrasca-therese\/","title":{"rendered":"El Cabildo de Gran Canaria convoca ayudas extraordinarias al sector primario por la crisis de Oriente Medio y la borrasca Therese"},"content":{"rendered":"<p><strong>El Cabildo de Gran Canaria presentar\u00e1 este mi\u00e9rcoles 2 de septiembre, a las 11:00 horas en el Patio del Cabildo, las ayudas extraordinarias para el sector primario afectado por la crisis de Oriente Pr\u00f3ximo y la borrasca Therese.<\/strong><\/p>\n<p>El presidente de la instituci\u00f3n insular, Antonio Morales, y el consejero de Sector Primario, Soberan\u00eda Alimentaria y Seguridad H\u00eddrica, Miguel Hidalgo, explicar\u00e1n el contenido y el alcance de estas ayudas.<\/p>\n<p>Las medidas buscan paliar las consecuencias de la crisis b\u00e9lica en Oriente Pr\u00f3ximo en las explotaciones agrarias, pesqueras y acu\u00edcolas, as\u00ed como los da\u00f1os derivados del paso de la borrasca Therese en el sector agrario y ganadero.<\/p>\n","protected":false},"excerpt":{"rendered":"<p>El Cabildo de Gran Canaria presenta las ayudas extraordinarias al sector primario por la crisis de Oriente Medio y el paso de la Borrasca \u2018Therese\u2019 &nbsp; D\u00eda: Mi\u00e9rcoles 2 de&hellip;<\/p>\n","protected":false},"author":1,"featured_media":18960,"comment_status":"open","ping_status":"open","sticky":false,"template":"","format":"standard","meta":{"wpai_generated_summary":"","wpai_meta_description":"","footnotes":""},"categories":[148],"tags":[],"class_list":["post-18959","post","type-post","status-publish","format-standard","has-post-thumbnail","hentry","category-cabildo-de-gran-canaria"],"_links":{"self":[{"href":"https:\/\/nublo.tv\/index.php\/wp-json\/wp\/v2\/posts\/18959","targetHints":{"allow":["GET"]}}],"collection":[{"href":"https:\/\/nublo.tv\/index.php\/wp-json\/wp\/v2\/posts"}],"about":[{"href":"https:\/\/nublo.tv\/index.php\/wp-json\/wp\/v2\/types\/post"}],"author":[{"embeddable":true,"href":"https:\/\/nublo.tv\/index.php\/wp-json\/wp\/v2\/users\/1"}],"replies":[{"embeddable":true,"href":"https:\/\/nublo.tv\/index.php\/wp-json\/wp\/v2\/comments?post=18959"}],"version-history":[{"count":2,"href":"https:\/\/nublo.tv\/index.php\/wp-json\/wp\/v2\/posts\/18959\/revisions"}],"predecessor-version":[{"id":18963,"href":"https:\/\/nublo.tv\/index.php\/wp-json\/wp\/v2\/posts\/18959\/revisions\/18963"}],"wp:featuredmedia":[{"embeddable":true,"href":"https:\/\/nublo.tv\/index.php\/wp-json\/wp\/v2\/media\/18960"}],"wp:attachment":[{"href":"https:\/\/nublo.tv\/index.php\/wp-json\/wp\/v2\/media?parent=18959"}],"wp:term":[{"taxonomy":"category","embeddable":true,"href":"https:\/\/nublo.tv\/index.php\/wp-json\/wp\/v2\/categories?post=18959"},{"taxonomy":"post_tag","embeddable":true,"href":"https:\/\/nublo.tv\/index.php\/wp-json\/wp\/v2\/tags?post=18959"}],"curies":[{"name":"wp","href":"https:\/\/api.w.org\/{rel}","templated":true}]}}