{"id":18964,"date":"2026-09-01T18:22:36","date_gmt":"2026-09-01T17:22:36","guid":{"rendered":"https:\/\/nublo.tv\/?p=18964"},"modified":"2026-09-01T18:22:36","modified_gmt":"2026-09-01T17:22:36","slug":"la-transgrancanaria-2027-supera-los-5-000-inscritos-con-fuerte-presencia-internacional","status":"publish","type":"post","link":"https:\/\/nublo.tv\/index.php\/2026\/09\/01\/la-transgrancanaria-2027-supera-los-5-000-inscritos-con-fuerte-presencia-internacional\/","title":{"rendered":"La Transgrancanaria 2027 supera los 5.000 inscritos con fuerte presencia internacional"},"content":{"rendered":"<p><strong>La The North Face Transgrancanaria 2027 ha superado los 5.000 inscritos, con corredores de 68 nacionalidades, cinco meses antes de su celebraci\u00f3n en Gran Canaria del 22 al 28 de febrero.<\/strong><\/p>\n<p>El evento ampl\u00eda su calendario a una semana completa de competici\u00f3n, con un 40% de participantes extranjeros y un 65% de fuera de la provincia de Las Palmas. Las mujeres representan el 35% de las inscripciones. Francia lidera la participaci\u00f3n internacional con cerca de 300 corredores, seguida de Reino Unido (m\u00e1s de 250), Alemania e Italia (casi 200 cada una).<\/p>\n<p>La edici\u00f3n de 2027 incorpora dos novedades: la modalidad Stages, que abarca cuatro jornadas con pruebas como Open Ag\u00e1ldar, Kil\u00f3metro Vertical El Gigante, Promo y Advanced, y la nueva carrera Open Ag\u00e1ldar. Esta \u00faltima, de 21,4 km y 613 metros de desnivel positivo, arrancar\u00e1 el 23 de febrero a las 9:00 horas desde San Jos\u00e9 de Caideros y llegar\u00e1 hasta G\u00e1ldar.<\/p>\n<p>El programa competitivo incluir\u00e1 el Kil\u00f3metro Vertical El Gigante (24 de febrero), las pruebas Half y Promo (25 de febrero), la Marathon y la Classic \u2014esta \u00faltima desde la Playa de Las Canteras a medianoche\u2014 (26 de febrero), y las modalidades Advanced, Short y Family desde Teror (27 de febrero). La Classic y la Marathon forman parte del circuito World Trail Majors.<\/p>\n<p>Las inscripciones para Promo, Open Ag\u00e1ldar y Marathon ya est\u00e1n agotadas, con listas de espera abiertas, mientras que el resto de modalidades mantienen plazas disponibles.<\/p>\n<p>La organizaci\u00f3n mantiene el n\u00famero global de dorsales y reduce la capacidad en algunas pruebas para avanzar en sostenibilidad, con medidas como la optimizaci\u00f3n de la movilidad, la eficiencia energ\u00e9tica, la promoci\u00f3n de buenas pr\u00e1cticas y la inscripci\u00f3n en el Registro Canario de Huella de Carbono.<\/p>\n<p>La carrera est\u00e1 organizada por Arista Eventos y cuenta con el patrocinio del Cabildo de Gran Canaria (a trav\u00e9s de Turismo de Gran Canaria y el Instituto Insular de Deportes), los ayuntamientos de Las Palmas de Gran Canaria, G\u00e1ldar, San Bartolom\u00e9 de Tirajana, Teror, Santa Luc\u00eda de Tirajana y Tejeda, as\u00ed como de The North Face, Hospitales Universitarios San Roque, Lopesan Hotel Group, ExpoMeloneras, 226ERS, Fred. Olsen Express, Sonocom Audiovisuales y Aguas de Teror.<\/p>\n<p>Las inscripciones siguen abiertas en la web oficial del evento.<\/p>\n","protected":false},"excerpt":{"rendered":"<p>La The North Face Transgrancanaria 2027 ya ha superado los 5.000 inscritos cuando todav\u00eda faltan m\u00e1s de cinco meses para su celebraci\u00f3n, consolidando el crecimiento de una de las grandes&hellip;<\/p>\n","protected":false},"author":1,"featured_media":18977,"comment_status":"open","ping_status":"open","sticky":false,"template":"","format":"standard","meta":{"wpai_generated_summary":"","wpai_meta_description":"","footnotes":""},"categories":[129],"tags":[],"class_list":["post-18964","post","type-post","status-publish","format-standard","has-post-thumbnail","hentry","category-ayuntamiento-de-galdar"],"_links":{"self":[{"href":"https:\/\/nublo.tv\/index.php\/wp-json\/wp\/v2\/posts\/18964","targetHints":{"allow":["GET"]}}],"collection":[{"href":"https:\/\/nublo.tv\/index.php\/wp-json\/wp\/v2\/posts"}],"about":[{"href":"https:\/\/nublo.tv\/index.php\/wp-json\/wp\/v2\/types\/post"}],"author":[{"embeddable":true,"href":"https:\/\/nublo.tv\/index.php\/wp-json\/wp\/v2\/users\/1"}],"replies":[{"embeddable":true,"href":"https:\/\/nublo.tv\/index.php\/wp-json\/wp\/v2\/comments?post=18964"}],"version-history":[{"count":2,"href":"https:\/\/nublo.tv\/index.php\/wp-json\/wp\/v2\/posts\/18964\/revisions"}],"predecessor-version":[{"id":18976,"href":"https:\/\/nublo.tv\/index.php\/wp-json\/wp\/v2\/posts\/18964\/revisions\/18976"}],"wp:featuredmedia":[{"embeddable":true,"href":"https:\/\/nublo.tv\/index.php\/wp-json\/wp\/v2\/media\/18977"}],"wp:attachment":[{"href":"https:\/\/nublo.tv\/index.php\/wp-json\/wp\/v2\/media?parent=18964"}],"wp:term":[{"taxonomy":"category","embeddable":true,"href":"https:\/\/nublo.tv\/index.php\/wp-json\/wp\/v2\/categories?post=18964"},{"taxonomy":"post_tag","embeddable":true,"href":"https:\/\/nublo.tv\/index.php\/wp-json\/wp\/v2\/tags?post=18964"}],"curies":[{"name":"wp","href":"https:\/\/api.w.org\/{rel}","templated":true}]}}