{"id":18966,"date":"2026-09-01T18:22:27","date_gmt":"2026-09-01T17:22:27","guid":{"rendered":"https:\/\/nublo.tv\/?p=18966"},"modified":"2026-09-01T18:22:27","modified_gmt":"2026-09-01T17:22:27","slug":"galdar-ofrece-bautizos-de-buceo-gratuitos-en-el-fotosub-sardina-2026-para-descubrir-sus-fondos-marinos","status":"publish","type":"post","link":"https:\/\/nublo.tv\/index.php\/2026\/09\/01\/galdar-ofrece-bautizos-de-buceo-gratuitos-en-el-fotosub-sardina-2026-para-descubrir-sus-fondos-marinos\/","title":{"rendered":"G\u00e1ldar ofrece bautizos de buceo gratuitos en el Fotosub Sardina 2026 para descubrir sus fondos marinos"},"content":{"rendered":"<p><strong>El Ayuntamiento de G\u00e1ldar organiza bautizos de buceo gratuitos dentro del Fotosub Sardina 2026, dirigidos a mayores de 12 a\u00f1os sin experiencia previa, para explorar los fondos marinos de la Bah\u00eda de Sardina.<\/strong><\/p>\n<p>La actividad, coordinada por el centro Buceo Norte, permite realizar una primera inmersi\u00f3n controlada con instructores profesionales. Incluye todo el equipamiento necesario (traje de neopreno, m\u00e1scara, aletas, chaleco, regulador y botella de aire) y un seguro de accidentes individual.<\/p>\n<p>Para garantizar la plaza, es obligatorio abonar una fianza de 10 euros, reembolsable, que evita cancelaciones de \u00faltima hora. Solo hay 20 plazas, que se asignar\u00e1n por orden de inscripci\u00f3n.<\/p>\n<p>La iniciativa forma parte de la 12\u00aa edici\u00f3n del Fotosub Sardina 2026, que busca dar a conocer la biodiversidad de este espacio natural submarino de G\u00e1ldar.<\/p>\n<p><a href=\"https:\/\/fotosubsardina2026.com\/producto\/bautizo-de-buceo-tu-primera-inmersion-en-el-mundo-submarino\/\">Inscr\u00edbete aqu\u00ed<\/a><\/p>\n","protected":false},"excerpt":{"rendered":"<p>El Ayuntamiento de G\u00e1ldar anima a la ciudadan\u00eda a participar en los bautizos de buceo del Fotosub Sardina 2026, una oportunidad para descubrir por primera vez el mundo submarino y&hellip;<\/p>\n","protected":false},"author":1,"featured_media":18975,"comment_status":"open","ping_status":"open","sticky":false,"template":"","format":"standard","meta":{"wpai_generated_summary":"","wpai_meta_description":"","footnotes":""},"categories":[129],"tags":[],"class_list":["post-18966","post","type-post","status-publish","format-standard","has-post-thumbnail","hentry","category-ayuntamiento-de-galdar"],"_links":{"self":[{"href":"https:\/\/nublo.tv\/index.php\/wp-json\/wp\/v2\/posts\/18966","targetHints":{"allow":["GET"]}}],"collection":[{"href":"https:\/\/nublo.tv\/index.php\/wp-json\/wp\/v2\/posts"}],"about":[{"href":"https:\/\/nublo.tv\/index.php\/wp-json\/wp\/v2\/types\/post"}],"author":[{"embeddable":true,"href":"https:\/\/nublo.tv\/index.php\/wp-json\/wp\/v2\/users\/1"}],"replies":[{"embeddable":true,"href":"https:\/\/nublo.tv\/index.php\/wp-json\/wp\/v2\/comments?post=18966"}],"version-history":[{"count":2,"href":"https:\/\/nublo.tv\/index.php\/wp-json\/wp\/v2\/posts\/18966\/revisions"}],"predecessor-version":[{"id":18974,"href":"https:\/\/nublo.tv\/index.php\/wp-json\/wp\/v2\/posts\/18966\/revisions\/18974"}],"wp:featuredmedia":[{"embeddable":true,"href":"https:\/\/nublo.tv\/index.php\/wp-json\/wp\/v2\/media\/18975"}],"wp:attachment":[{"href":"https:\/\/nublo.tv\/index.php\/wp-json\/wp\/v2\/media?parent=18966"}],"wp:term":[{"taxonomy":"category","embeddable":true,"href":"https:\/\/nublo.tv\/index.php\/wp-json\/wp\/v2\/categories?post=18966"},{"taxonomy":"post_tag","embeddable":true,"href":"https:\/\/nublo.tv\/index.php\/wp-json\/wp\/v2\/tags?post=18966"}],"curies":[{"name":"wp","href":"https:\/\/api.w.org\/{rel}","templated":true}]}}