{"id":18968,"date":"2026-09-01T18:25:10","date_gmt":"2026-09-01T17:25:10","guid":{"rendered":"https:\/\/nublo.tv\/?p=18968"},"modified":"2026-09-01T19:05:46","modified_gmt":"2026-09-01T18:05:46","slug":"entradas-gratuitas-y-aforo-limitado-para-la-obra-teatral-sobre-el-fin-del-pleito-de-la-aldea","status":"publish","type":"post","link":"https:\/\/nublo.tv\/index.php\/2026\/09\/01\/entradas-gratuitas-y-aforo-limitado-para-la-obra-teatral-sobre-el-fin-del-pleito-de-la-aldea\/","title":{"rendered":"Entradas gratuitas y aforo limitado para la obra teatral sobre el Fin del Pleito de La Aldea"},"content":{"rendered":"<p><strong>El Ayuntamiento de La Aldea de San Nicol\u00e1s repartir\u00e1 desde este mi\u00e9rcoles entradas gratuitas para la obra teatral sobre el Pleito de La Aldea, que se representar\u00e1 el jueves a las 20:30 horas en el Centro Municipal de Cultura.<\/strong><\/p>\n<p>Las localidades, con aforo limitado, podr\u00e1n recogerse a partir de las 9:00 horas en la Concejal\u00eda de Cultura, dirigida por V\u00edctor Juan Hern\u00e1ndez Rodr\u00edguez. La obra forma parte de la programaci\u00f3n conmemorativa del Centenario del Fin del Pleito de La Aldea (1927-2027).<\/p>\n<p>La representaci\u00f3n recrear\u00e1 m\u00e1s de tres siglos de historia vinculados a la lucha por la propiedad de la tierra y el agua, con un elenco de actores que interpretar\u00e1 los principales acontecimientos y protagonistas de este episodio clave para la identidad del municipio.<\/p>\n<p>El concejal de Cultura, V\u00edctor Juan Hern\u00e1ndez Rodr\u00edguez, ha destacado que \u00abqueremos que esta representaci\u00f3n llegue al mayor n\u00famero de personas posible porque conocer nuestra historia tambi\u00e9n es una forma de mantenerla viva\u00bb y que \u00abel teatro nos permite acercarnos a nuestra historia de una manera diferente, poniendo rostro y voz a quienes vivieron aquellos acontecimientos y ayud\u00e1ndonos a comprender su importancia para el municipio\u00bb.<\/p>\n<p>La iniciativa cuenta con la colaboraci\u00f3n y financiaci\u00f3n de la Consejer\u00eda de Cultura del Cabildo de Gran Canaria, dirigida por Guacimara Medina, en el marco de los actos conmemorativos del Centenario del Fin del Pleito de La Aldea (1927-2027).<\/p>\n","protected":false},"excerpt":{"rendered":"<p>El Ayuntamiento de La Aldea de San Nicol\u00e1s, a trav\u00e9s de la Concejal\u00eda de Cultura que dirige V\u00edctor Juan Hern\u00e1ndez, informa a la ciudadan\u00eda que ma\u00f1ana, mi\u00e9rcoles 2 de septiembre,&hellip;<\/p>\n","protected":false},"author":1,"featured_media":18985,"comment_status":"open","ping_status":"open","sticky":false,"template":"","format":"standard","meta":{"wpai_generated_summary":"","wpai_meta_description":"","footnotes":""},"categories":[131],"tags":[],"class_list":["post-18968","post","type-post","status-publish","format-standard","has-post-thumbnail","hentry","category-ayuntamiento-de-la-aldea-de-san-nicolas"],"_links":{"self":[{"href":"https:\/\/nublo.tv\/index.php\/wp-json\/wp\/v2\/posts\/18968","targetHints":{"allow":["GET"]}}],"collection":[{"href":"https:\/\/nublo.tv\/index.php\/wp-json\/wp\/v2\/posts"}],"about":[{"href":"https:\/\/nublo.tv\/index.php\/wp-json\/wp\/v2\/types\/post"}],"author":[{"embeddable":true,"href":"https:\/\/nublo.tv\/index.php\/wp-json\/wp\/v2\/users\/1"}],"replies":[{"embeddable":true,"href":"https:\/\/nublo.tv\/index.php\/wp-json\/wp\/v2\/comments?post=18968"}],"version-history":[{"count":3,"href":"https:\/\/nublo.tv\/index.php\/wp-json\/wp\/v2\/posts\/18968\/revisions"}],"predecessor-version":[{"id":18981,"href":"https:\/\/nublo.tv\/index.php\/wp-json\/wp\/v2\/posts\/18968\/revisions\/18981"}],"wp:featuredmedia":[{"embeddable":true,"href":"https:\/\/nublo.tv\/index.php\/wp-json\/wp\/v2\/media\/18985"}],"wp:attachment":[{"href":"https:\/\/nublo.tv\/index.php\/wp-json\/wp\/v2\/media?parent=18968"}],"wp:term":[{"taxonomy":"category","embeddable":true,"href":"https:\/\/nublo.tv\/index.php\/wp-json\/wp\/v2\/categories?post=18968"},{"taxonomy":"post_tag","embeddable":true,"href":"https:\/\/nublo.tv\/index.php\/wp-json\/wp\/v2\/tags?post=18968"}],"curies":[{"name":"wp","href":"https:\/\/api.w.org\/{rel}","templated":true}]}}