{"id":18998,"date":"2026-09-02T13:48:23","date_gmt":"2026-09-02T12:48:23","guid":{"rendered":"https:\/\/nublo.tv\/?p=18998"},"modified":"2026-09-02T13:48:23","modified_gmt":"2026-09-02T12:48:23","slug":"telde-refuerza-en-agosto-el-mantenimiento-de-la-red-de-saneamiento-y-las-estaciones-de-bombeo","status":"publish","type":"post","link":"https:\/\/nublo.tv\/index.php\/2026\/09\/02\/telde-refuerza-en-agosto-el-mantenimiento-de-la-red-de-saneamiento-y-las-estaciones-de-bombeo\/","title":{"rendered":"Telde refuerza en agosto el mantenimiento de la red de saneamiento y las estaciones de bombeo"},"content":{"rendered":"<p><strong>El Ayuntamiento de Telde ha intensificado durante agosto las actuaciones de mantenimiento, reparaci\u00f3n y limpieza en la red de saneamiento y en las 17 estaciones de bombeo de aguas residuales (EBAR) del municipio.<\/strong><\/p>\n<p>Entre las intervenciones destacan el mantenimiento preventivo de las 17 EBAR, con revisiones de boyas, bombas, cuadros el\u00e9ctricos y sistemas de telecontrol, as\u00ed como la retirada diaria de residuos s\u00f3lidos en las rejas de entrada para evitar atascos. Tambi\u00e9n se ejecut\u00f3 una campa\u00f1a de desratizaci\u00f3n y desinsectaci\u00f3n en estas instalaciones.<\/p>\n<p>En las EBAR de Salinetas, Garita I, Melenara, Hoya del Pozo, Playa del Hombre I y Casas Nuevas se sustituyeron elementos interiores, se repararon aver\u00edas y se actu\u00f3 sobre los sistemas de telecontrol y comunicaci\u00f3n. Adem\u00e1s, se instalaron grupos electr\u00f3genos y controles ante cortes programados de suministro el\u00e9ctrico.<\/p>\n<p>En la red de saneamiento se atendieron seis obstrucciones en puntos como Barranco Real, El Cortijo, calles C\u00e9sar Manrique, Vasco de Gama, Presb\u00edtero Francisco Sosa, Tenesor y Doctor Meli\u00e1n, adem\u00e1s de una actuaci\u00f3n en una acometida de la calle Luis Ant\u00fanez.<\/p>\n<p>Se realizaron inspecciones en San Gregorio y otras zonas por obstrucciones, olores, vertidos, futuras conexiones o comprobaciones t\u00e9cnicas. Tambi\u00e9n hubo limpieza preventiva en calles como Tamadaba, Minote, Vasco de Gama y Avenida de La Paz (Parque Central de Las Remudas), donde se repar\u00f3 una aver\u00eda en una acometida de un bloque.<\/p>\n<p>Las obstrucciones en la red se atendieron adem\u00e1s en calle Jos\u00e9 V\u00e9lez, Ignacio Ellacur\u00eda, entrada de la EBAR de Ojos de Garza, Barranco Tundidor, acometidas de calle La Dama y plaza Alejo Carpentier. Las inspecciones t\u00e9cnicas abarcaron Las Huesas, Ignacio Ellacur\u00eda, Louis Braille, 8 de Marzo, Amapola, Gregorio Rodr\u00edguez \u00c1lvarez, Hortensia y Marqu\u00e9s de Muni, por incidencias como filtraciones, conexiones al saneamiento o retornos de aguas residuales.<\/p>\n<p>Los trabajos de limpieza preventiva incluyeron calles como Tamadaba, Minote, Pepe D\u00e1maso, Secundino Delgado y la entrada de la EBAR de Ojos de Garza. Tambi\u00e9n se vaciaron pozos en La Milagrosa y Camino del Mayorazgo.<\/p>\n<p>En conservaci\u00f3n de elementos de la red, se intervinieron tapas de registro en la Estaci\u00f3n de Guaguas de Narea (colocaci\u00f3n de una plancha) y en calle Manuel Alem\u00e1n \u00c1lamo (reposici\u00f3n de una tapa).<\/p>\n<p>La concejala de Aguas y Saneamiento, Desir\u00e9 Hern\u00e1ndez, destac\u00f3 que estas actuaciones forman parte del trabajo continuo para mantener las infraestructuras: \u00abEl mantenimiento preventivo es fundamental para anticiparnos a las incidencias y garantizar el correcto funcionamiento de una red que presta servicio diariamente a nuestros barrios. Por eso estamos realizando un seguimiento permanente tanto de las estaciones de bombeo como de la red, atendiendo las incidencias que se producen y actuando tambi\u00e9n de manera preventiva\u00bb.<\/p>\n<p>Desde la Concejal\u00eda se subray\u00f3 que las labores de Aguas de Telde permiten una vigilancia permanente sobre las instalaciones, actuando ante obstrucciones, aver\u00edas o incidencias, adem\u00e1s de reducir el riesgo de problemas en la red.<\/p>\n<p>Las intervenciones de estas semanas han cubierto numerosos puntos del municipio, como Las Remudas, San Gregorio, Las Huesas, Ojos de Garza, Salinetas, Melenara, La Garita, Playa del Hombre y Hoya del Pozo, entre otras zonas.<\/p>\n","protected":false},"excerpt":{"rendered":"<p>https:\/\/www.telde.es\/wp-content\/uploads\/2026\/09\/noticia712.jpgTelde, a 2 de septiembre de 2026. Durante el mes de agosto se han desarrollado actuaciones de mantenimiento preventivo, reparaci\u00f3n de aver\u00edas, limpieza, inspecci\u00f3n de redes, atenci\u00f3n de obstrucciones y&hellip;<\/p>\n","protected":false},"author":1,"featured_media":18999,"comment_status":"open","ping_status":"open","sticky":false,"template":"","format":"standard","meta":{"wpai_generated_summary":"","wpai_meta_description":"","footnotes":""},"categories":[140],"tags":[],"class_list":["post-18998","post","type-post","status-publish","format-standard","has-post-thumbnail","hentry","category-ayuntamiento-de-telde"],"_links":{"self":[{"href":"https:\/\/nublo.tv\/index.php\/wp-json\/wp\/v2\/posts\/18998","targetHints":{"allow":["GET"]}}],"collection":[{"href":"https:\/\/nublo.tv\/index.php\/wp-json\/wp\/v2\/posts"}],"about":[{"href":"https:\/\/nublo.tv\/index.php\/wp-json\/wp\/v2\/types\/post"}],"author":[{"embeddable":true,"href":"https:\/\/nublo.tv\/index.php\/wp-json\/wp\/v2\/users\/1"}],"replies":[{"embeddable":true,"href":"https:\/\/nublo.tv\/index.php\/wp-json\/wp\/v2\/comments?post=18998"}],"version-history":[{"count":4,"href":"https:\/\/nublo.tv\/index.php\/wp-json\/wp\/v2\/posts\/18998\/revisions"}],"predecessor-version":[{"id":19058,"href":"https:\/\/nublo.tv\/index.php\/wp-json\/wp\/v2\/posts\/18998\/revisions\/19058"}],"wp:featuredmedia":[{"embeddable":true,"href":"https:\/\/nublo.tv\/index.php\/wp-json\/wp\/v2\/media\/18999"}],"wp:attachment":[{"href":"https:\/\/nublo.tv\/index.php\/wp-json\/wp\/v2\/media?parent=18998"}],"wp:term":[{"taxonomy":"category","embeddable":true,"href":"https:\/\/nublo.tv\/index.php\/wp-json\/wp\/v2\/categories?post=18998"},{"taxonomy":"post_tag","embeddable":true,"href":"https:\/\/nublo.tv\/index.php\/wp-json\/wp\/v2\/tags?post=18998"}],"curies":[{"name":"wp","href":"https:\/\/api.w.org\/{rel}","templated":true}]}}