{"id":190,"date":"2026-08-04T17:32:55","date_gmt":"2026-08-04T16:32:55","guid":{"rendered":"https:\/\/nublo.tv\/?p=190"},"modified":"2026-08-04T17:32:55","modified_gmt":"2026-08-04T16:32:55","slug":"la-banda-sol-y-viento-celebra-su-45-aniversario-llevando-todo-su-repertorio-a-los-parques-y-plazas-de-santa-lucia-de-tirajana","status":"publish","type":"post","link":"https:\/\/nublo.tv\/index.php\/2026\/08\/04\/la-banda-sol-y-viento-celebra-su-45-aniversario-llevando-todo-su-repertorio-a-los-parques-y-plazas-de-santa-lucia-de-tirajana\/","title":{"rendered":"La banda Sol y Viento celebra su 45 aniversario llevando todo su repertorio a los parques y plazas de Santa Luc\u00eda de Tirajana"},"content":{"rendered":"<p><strong>Santa Luc\u00eda de Tirajana, viernes 31 de julio 2026.- <\/strong>\u00a0La banda de m\u00fasica de la Asociaci\u00f3n Cultural Sol y Viento de Santa Luc\u00eda de Tirajana celebra los 45 a\u00f1os de su nacimiento realizando una gira de conciertos por los parques y plazas del municipio. La concejal\u00eda de Cultura ha programado once conciertos con entrada libre que se celebrar\u00e1n desde el 18 de septiembre de este a\u00f1o hasta el 19 de marzo de 2027. \u00a0Los repertorios ser\u00e1n diferentes, en unos predominar\u00e1 el pop-rock, en otros la m\u00fasica espa\u00f1ola, tambi\u00e9n m\u00fasica canaria y canciones de bandas sonoras y cl\u00e1sica.<\/p>\n<p>El concierto principal de celebraci\u00f3n de su cuarenta y cinco aniversario ser\u00e1 nuevamente el d\u00eda de Santa Cecilia en el teatro V\u00edctor Jara el 21 de noviembre con m\u00fasica de los a\u00f1os setenta en espa\u00f1ol. La gira comenzar\u00e1 el 18 de septiembre con un concierto en el parque de Pozo Izquierdo. El 10 de octubre el concierto ser\u00e1 en el parque de Santa Luc\u00eda casco. El 30 del mismo mes est\u00e1 programado un concierto en el Cruce de Sardina.<\/p>\n<p>El 28 de noviembre la cita musical ser\u00e1 en la plaza de San Nicol\u00e1s de Bari de Sardina del Sur. La m\u00fasica m\u00e1s navide\u00f1a la ofrecer\u00e1n el 18 \u00a0de diciembre en la plaza de San Pedro M\u00e1rtir de Doctoral y al d\u00eda siguiente en la Avenida de Canarias. El primer concierto del a\u00f1o ser\u00e1 el 23 de enero en la plaza de Balos. El 13 de febrero Sol y Viento ofrecer\u00e1 su m\u00fasica en la plaza de La Orilla. El 20 de febrero ser\u00e1 en la plaza de Casa Pastores. El 12 de marzo ser\u00e1 en el parque de La Paz de Los Llanos. El \u00faltimo concierto de esta gira ser\u00e1 en el parque El Canario.<\/p>\n<p>El concejal de Cultura Sergio Vega destac\u00f3 que \u201cdentro del proyecto de cultura KM Cero, con esta gira de Sol y Viento cumplimos dos objetivos que nos\u00a0 hemos marcado en el \u00e1rea de Cultura, uno es sacar la cultura a la calle, a las plazas, a los diferentes barrios y, por otro lado, apostar por los artistas locales como es el caso de esta banda con una trayectoria dilatada\u201d.<\/p>\n<p>Raquel Armas de la directiva de Sol y Viento y m\u00fasico de la banda desde su fundaci\u00f3n se\u00f1al\u00f3 que \u201cen esta gira vamos a hacer cuatro tipos de repertorios diferentes, unos de m\u00fasica espa\u00f1ola, boleros, pasodobles o m\u00fasica canaria, tambi\u00e9n tenemos un repertorio para ni\u00f1os con m\u00fasica infantil, otro con m\u00fasica navide\u00f1a para diciembre y otro m\u00e1s pop-rock\u201d.<\/p>\n<p>El director de la banda Sol y Viento Juan Antonio Su\u00e1rez manifest\u00f3 que \u00a0\u201cLo \u00fanico que hace falta es tener ganas de divertirse y pasarlo bien, por eso yo les recomiendo que no se dejen llevar por la pereza y vayan a todos los conciertos que puedan porque se la van a pasar muy bien\u201d. Su\u00e1rez recomend\u00f3 de forma especial \u201cnuestro tradicional concierto de Santa Cecilia en el teatro V\u00edctor Jara, donde celebraremos con nuestro p\u00fablico los 45 a\u00f1os de la banda\u201d. En la rueda de prensa tambi\u00e9n estuvo la m\u00fasica Raquel Ojeda.<\/p>\n<p>Gabinete de Comunicaci\u00f3n, Santa Luc\u00eda de Tirajana viernes 31de julio de julio\u00a0 de\u00a0 2026.<\/p>\n","protected":false},"excerpt":{"rendered":"<p>Santa Luc\u00eda de Tirajana, viernes 31 de julio 2026.- \u00a0La banda de m\u00fasica de la Asociaci\u00f3n Cultural Sol y Viento de Santa Luc\u00eda de Tirajana celebra los 45 a\u00f1os de&hellip;<\/p>\n","protected":false},"author":18,"featured_media":191,"comment_status":"open","ping_status":"open","sticky":false,"template":"","format":"standard","meta":{"wpai_generated_summary":"","wpai_meta_description":"","footnotes":""},"categories":[137],"tags":[],"class_list":["post-190","post","type-post","status-publish","format-standard","has-post-thumbnail","hentry","category-ayuntamiento-de-santa-lucia-de-tirajana"],"_links":{"self":[{"href":"https:\/\/nublo.tv\/index.php\/wp-json\/wp\/v2\/posts\/190","targetHints":{"allow":["GET"]}}],"collection":[{"href":"https:\/\/nublo.tv\/index.php\/wp-json\/wp\/v2\/posts"}],"about":[{"href":"https:\/\/nublo.tv\/index.php\/wp-json\/wp\/v2\/types\/post"}],"author":[{"embeddable":true,"href":"https:\/\/nublo.tv\/index.php\/wp-json\/wp\/v2\/users\/18"}],"replies":[{"embeddable":true,"href":"https:\/\/nublo.tv\/index.php\/wp-json\/wp\/v2\/comments?post=190"}],"version-history":[{"count":1,"href":"https:\/\/nublo.tv\/index.php\/wp-json\/wp\/v2\/posts\/190\/revisions"}],"predecessor-version":[{"id":489,"href":"https:\/\/nublo.tv\/index.php\/wp-json\/wp\/v2\/posts\/190\/revisions\/489"}],"wp:featuredmedia":[{"embeddable":true,"href":"https:\/\/nublo.tv\/index.php\/wp-json\/wp\/v2\/media\/191"}],"wp:attachment":[{"href":"https:\/\/nublo.tv\/index.php\/wp-json\/wp\/v2\/media?parent=190"}],"wp:term":[{"taxonomy":"category","embeddable":true,"href":"https:\/\/nublo.tv\/index.php\/wp-json\/wp\/v2\/categories?post=190"},{"taxonomy":"post_tag","embeddable":true,"href":"https:\/\/nublo.tv\/index.php\/wp-json\/wp\/v2\/tags?post=190"}],"curies":[{"name":"wp","href":"https:\/\/api.w.org\/{rel}","templated":true}]}}