{"id":19000,"date":"2026-09-02T17:21:45","date_gmt":"2026-09-02T16:21:45","guid":{"rendered":"https:\/\/nublo.tv\/?p=19000"},"modified":"2026-09-02T17:21:45","modified_gmt":"2026-09-02T16:21:45","slug":"telde-acoge-hoy-una-concentracion-en-apoyo-a-ceuta-en-la-plaza-de-san-juan","status":"publish","type":"post","link":"https:\/\/nublo.tv\/index.php\/2026\/09\/02\/telde-acoge-hoy-una-concentracion-en-apoyo-a-ceuta-en-la-plaza-de-san-juan\/","title":{"rendered":"Telde acoge hoy una concentraci\u00f3n en apoyo a Ceuta en la Plaza de San Juan\u00a0"},"content":{"rendered":"<p>El Ayuntamiento de Telde se suma este mi\u00e9rcoles a la convocatoria de la Federaci\u00f3n Espa\u00f1ola de Municipios y Provincias (FEMP) para conmemorar el D\u00eda de Ceuta. La corporaci\u00f3n local celebrar\u00e1 esta tarde una concentraci\u00f3n para mostrar el respaldo del municipio a la Ciudad Aut\u00f3noma y a todos sus habitantes.<br \/>\nDetalles de la convocatoria<\/p>\n<ul>\n<li><strong>Horario y ubicaci\u00f3n:<\/strong> El encuentro central tendr\u00e1 lugar a partir de las 19:00 horas en la Plaza de San Juan.<\/li>\n<li><strong>Car\u00e1cter del acto:<\/strong> La concentraci\u00f3n se ha convocado como una movilizaci\u00f3n c\u00edvica, pac\u00edfica, respetuosa y de corte institucional.<\/li>\n<li><strong>Asistencia:<\/strong> La cita est\u00e1 abierta a la participaci\u00f3n general de toda la ciudadan\u00eda, as\u00ed como a representantes p\u00fablicos, asociaciones y entidades locales que deseen sumarse al homenaje.<\/li>\n<li><strong>Alcance nacional:<\/strong> Esta acci\u00f3n en Telde se alinea con los actos promovidos de forma simult\u00e1nea en distintos ayuntamientos espa\u00f1oles en respuesta al llamamiento conjunto de la FEMP.<\/li>\n<\/ul>\n","protected":false},"excerpt":{"rendered":"<p>https:\/\/www.telde.es\/wp-content\/uploads\/2026\/09\/noticia711.jpgTelde, a 2 de septiembre de 2026. El Ayuntamiento de Telde se suma hoy, mi\u00e9rcoles 2 de septiembre, a la convocatoria realizada por la Federaci\u00f3n Espa\u00f1ola de Municipios y Provincias&hellip;<\/p>\n","protected":false},"author":1,"featured_media":19164,"comment_status":"open","ping_status":"open","sticky":false,"template":"","format":"standard","meta":{"wpai_generated_summary":"","wpai_meta_description":"","footnotes":""},"categories":[140],"tags":[],"class_list":["post-19000","post","type-post","status-publish","format-standard","has-post-thumbnail","hentry","category-ayuntamiento-de-telde"],"_links":{"self":[{"href":"https:\/\/nublo.tv\/index.php\/wp-json\/wp\/v2\/posts\/19000","targetHints":{"allow":["GET"]}}],"collection":[{"href":"https:\/\/nublo.tv\/index.php\/wp-json\/wp\/v2\/posts"}],"about":[{"href":"https:\/\/nublo.tv\/index.php\/wp-json\/wp\/v2\/types\/post"}],"author":[{"embeddable":true,"href":"https:\/\/nublo.tv\/index.php\/wp-json\/wp\/v2\/users\/1"}],"replies":[{"embeddable":true,"href":"https:\/\/nublo.tv\/index.php\/wp-json\/wp\/v2\/comments?post=19000"}],"version-history":[{"count":2,"href":"https:\/\/nublo.tv\/index.php\/wp-json\/wp\/v2\/posts\/19000\/revisions"}],"predecessor-version":[{"id":19162,"href":"https:\/\/nublo.tv\/index.php\/wp-json\/wp\/v2\/posts\/19000\/revisions\/19162"}],"wp:featuredmedia":[{"embeddable":true,"href":"https:\/\/nublo.tv\/index.php\/wp-json\/wp\/v2\/media\/19164"}],"wp:attachment":[{"href":"https:\/\/nublo.tv\/index.php\/wp-json\/wp\/v2\/media?parent=19000"}],"wp:term":[{"taxonomy":"category","embeddable":true,"href":"https:\/\/nublo.tv\/index.php\/wp-json\/wp\/v2\/categories?post=19000"},{"taxonomy":"post_tag","embeddable":true,"href":"https:\/\/nublo.tv\/index.php\/wp-json\/wp\/v2\/tags?post=19000"}],"curies":[{"name":"wp","href":"https:\/\/api.w.org\/{rel}","templated":true}]}}