{"id":19004,"date":"2026-09-02T16:55:58","date_gmt":"2026-09-02T15:55:58","guid":{"rendered":"https:\/\/nublo.tv\/?p=19004"},"modified":"2026-09-02T16:55:58","modified_gmt":"2026-09-02T15:55:58","slug":"los-puntos-de-acopio-transitorio-retiran-24-000-kilos-de-residuos-en-agosto-en-las-palmas-de-gran-canaria","status":"publish","type":"post","link":"https:\/\/nublo.tv\/index.php\/2026\/09\/02\/los-puntos-de-acopio-transitorio-retiran-24-000-kilos-de-residuos-en-agosto-en-las-palmas-de-gran-canaria\/","title":{"rendered":"Los Puntos de Acopio Transitorio retiran 24.000 kilos de residuos en agosto en Las Palmas de Gran Canaria"},"content":{"rendered":"<p><strong>El Ayuntamiento de Las Palmas de Gran Canaria retir\u00f3 24.000 kilos de residuos dom\u00e9sticos especiales en agosto a trav\u00e9s de los Puntos de Acopio Transitorio (PAT), que recorren los cinco distritos de la ciudad.<\/strong><\/p>\n<p>El concejal de Higiene Urbana y Carnaval, H\u00e9ctor Alem\u00e1n, destac\u00f3 que \u00abla cantidad recogida demuestra que cada vez m\u00e1s personas conocen y utilizan estos puntos para desprenderse correctamente de residuos que no pueden depositarse en los contenedores habituales\u00bb.<\/p>\n<p>Alem\u00e1n a\u00f1adi\u00f3 que el servicio permite acercar la recogida selectiva a los barrios, ofreciendo una opci\u00f3n c\u00f3moda y accesible para gestionar estos residuos y contribuir a mantener limpia la ciudad.<\/p>\n<p>Los PAT facilitan la separaci\u00f3n y correcta gesti\u00f3n de residuos dom\u00e9sticos especiales, que requieren recogida diferenciada para su posterior tratamiento y reciclaje.<\/p>\n<p>El servicio funciona de lunes a viernes, incluidos festivos, entre las 11:00 y las 17:00 horas, en diferentes ubicaciones de los cinco distritos. La programaci\u00f3n mensual y las ubicaciones pueden consultarse en la web del Ayuntamiento y en las redes sociales del \u00e1rea de Higiene Urbana.<\/p>\n","protected":false},"excerpt":{"rendered":"<p>El servicio itinerante facilita a la ciudadan\u00eda la correcta gesti\u00f3n de aquellos residuos dom\u00e9sticos especiales que no deben depositarse en los contenedores convencionales Las Palmas de Gran Canaria, 2 de&hellip;<\/p>\n","protected":false},"author":1,"featured_media":19130,"comment_status":"open","ping_status":"open","sticky":false,"template":"","format":"standard","meta":{"wpai_generated_summary":"","wpai_meta_description":"","footnotes":""},"categories":[132],"tags":[],"class_list":["post-19004","post","type-post","status-publish","format-standard","has-post-thumbnail","hentry","category-ayuntamiento-de-las-palmas-de-gran-canaria"],"_links":{"self":[{"href":"https:\/\/nublo.tv\/index.php\/wp-json\/wp\/v2\/posts\/19004","targetHints":{"allow":["GET"]}}],"collection":[{"href":"https:\/\/nublo.tv\/index.php\/wp-json\/wp\/v2\/posts"}],"about":[{"href":"https:\/\/nublo.tv\/index.php\/wp-json\/wp\/v2\/types\/post"}],"author":[{"embeddable":true,"href":"https:\/\/nublo.tv\/index.php\/wp-json\/wp\/v2\/users\/1"}],"replies":[{"embeddable":true,"href":"https:\/\/nublo.tv\/index.php\/wp-json\/wp\/v2\/comments?post=19004"}],"version-history":[{"count":3,"href":"https:\/\/nublo.tv\/index.php\/wp-json\/wp\/v2\/posts\/19004\/revisions"}],"predecessor-version":[{"id":19138,"href":"https:\/\/nublo.tv\/index.php\/wp-json\/wp\/v2\/posts\/19004\/revisions\/19138"}],"wp:featuredmedia":[{"embeddable":true,"href":"https:\/\/nublo.tv\/index.php\/wp-json\/wp\/v2\/media\/19130"}],"wp:attachment":[{"href":"https:\/\/nublo.tv\/index.php\/wp-json\/wp\/v2\/media?parent=19004"}],"wp:term":[{"taxonomy":"category","embeddable":true,"href":"https:\/\/nublo.tv\/index.php\/wp-json\/wp\/v2\/categories?post=19004"},{"taxonomy":"post_tag","embeddable":true,"href":"https:\/\/nublo.tv\/index.php\/wp-json\/wp\/v2\/tags?post=19004"}],"curies":[{"name":"wp","href":"https:\/\/api.w.org\/{rel}","templated":true}]}}