{"id":19008,"date":"2026-09-02T12:41:04","date_gmt":"2026-09-02T11:41:04","guid":{"rendered":"https:\/\/nublo.tv\/?p=19008"},"modified":"2026-09-02T12:41:04","modified_gmt":"2026-09-02T11:41:04","slug":"presentada-la-equipacion-2026-2027-del-cv-emalsa-gran-canaria","status":"publish","type":"post","link":"https:\/\/nublo.tv\/index.php\/2026\/09\/02\/presentada-la-equipacion-2026-2027-del-cv-emalsa-gran-canaria\/","title":{"rendered":"Presentada la equipaci\u00f3n 2026\/2027 del CV Emalsa Gran Canaria"},"content":{"rendered":"<p><strong>Las Palmas de Gran Canaria, 2 de septiembre de 2026. Emalsa y el CV Emalsa Gran Canaria presentaron este mi\u00e9rcoles en la ETAP de Almatriche la nueva equipaci\u00f3n para la temporada 2026\/2027, reforzando su alianza por el voleibol femenino.<\/strong><\/p>\n<p>El acto cont\u00f3 con autoridades como la alcaldesa Carolina Darias y la directora de Emalsa, Mercedes Fern\u00e1ndez-Couto. Darias destac\u00f3 el apoyo municipal al deporte de base y record\u00f3 a la ex presidenta del club, Rosa Bola\u00f1os.<\/p>\n<p>La equipaci\u00f3n, dise\u00f1ada por Acerbis, mantiene los colores amarillo y violeta e incluye elementos de la cultura canaria. El club busca consolidarse en la \u00e9lite nacional.<\/p>\n","protected":false},"excerpt":{"rendered":"<p>La alcaldesa, Carolina Darias, destaca el arraigo social y deportivo del JAV Ol\u00edmpico y reafirma el apoyo municipal al voleibol femenino y al deporte de base La empresa mixta de&hellip;<\/p>\n","protected":false},"author":1,"featured_media":19017,"comment_status":"open","ping_status":"open","sticky":false,"template":"","format":"standard","meta":{"wpai_generated_summary":"","wpai_meta_description":"","footnotes":""},"categories":[132],"tags":[],"class_list":["post-19008","post","type-post","status-publish","format-standard","has-post-thumbnail","hentry","category-ayuntamiento-de-las-palmas-de-gran-canaria"],"_links":{"self":[{"href":"https:\/\/nublo.tv\/index.php\/wp-json\/wp\/v2\/posts\/19008","targetHints":{"allow":["GET"]}}],"collection":[{"href":"https:\/\/nublo.tv\/index.php\/wp-json\/wp\/v2\/posts"}],"about":[{"href":"https:\/\/nublo.tv\/index.php\/wp-json\/wp\/v2\/types\/post"}],"author":[{"embeddable":true,"href":"https:\/\/nublo.tv\/index.php\/wp-json\/wp\/v2\/users\/1"}],"replies":[{"embeddable":true,"href":"https:\/\/nublo.tv\/index.php\/wp-json\/wp\/v2\/comments?post=19008"}],"version-history":[{"count":3,"href":"https:\/\/nublo.tv\/index.php\/wp-json\/wp\/v2\/posts\/19008\/revisions"}],"predecessor-version":[{"id":19016,"href":"https:\/\/nublo.tv\/index.php\/wp-json\/wp\/v2\/posts\/19008\/revisions\/19016"}],"wp:featuredmedia":[{"embeddable":true,"href":"https:\/\/nublo.tv\/index.php\/wp-json\/wp\/v2\/media\/19017"}],"wp:attachment":[{"href":"https:\/\/nublo.tv\/index.php\/wp-json\/wp\/v2\/media?parent=19008"}],"wp:term":[{"taxonomy":"category","embeddable":true,"href":"https:\/\/nublo.tv\/index.php\/wp-json\/wp\/v2\/categories?post=19008"},{"taxonomy":"post_tag","embeddable":true,"href":"https:\/\/nublo.tv\/index.php\/wp-json\/wp\/v2\/tags?post=19008"}],"curies":[{"name":"wp","href":"https:\/\/api.w.org\/{rel}","templated":true}]}}