{"id":19012,"date":"2026-09-02T13:48:31","date_gmt":"2026-09-02T12:48:31","guid":{"rendered":"https:\/\/nublo.tv\/?p=19012"},"modified":"2026-09-02T13:48:31","modified_gmt":"2026-09-02T12:48:31","slug":"telde-recupera-este-domingo-la-travesia-a-nado-de-salinetas-dolores-alvarez-tras-ocho-anos-sin-celebrarse","status":"publish","type":"post","link":"https:\/\/nublo.tv\/index.php\/2026\/09\/02\/telde-recupera-este-domingo-la-travesia-a-nado-de-salinetas-dolores-alvarez-tras-ocho-anos-sin-celebrarse\/","title":{"rendered":"Telde recupera este domingo la Traves\u00eda a Nado de Salinetas \u2018Dolores \u00c1lvarez\u2019 tras ocho a\u00f1os sin celebrarse"},"content":{"rendered":"<p><strong>El Ayuntamiento de Telde organiza este domingo, 6 de septiembre, la 17\u00aa Traves\u00eda a Nado de Salinetas \u2018Dolores \u00c1lvarez\u2019, que regresa tras ocho a\u00f1os sin celebrarse.<\/strong><\/p>\n<p>La Concejal\u00eda de Actividad F\u00edsica y Deportes, dirigida por Cristhian Santana Caballero, y el Club Costa Este impulsan esta prueba emblem\u00e1tica, que busca consolidarse de nuevo como referencia de la nataci\u00f3n en aguas abiertas en Canarias.<\/p>\n<p>La competici\u00f3n comenzar\u00e1 a las 10.30 horas con un recorrido de 1.500 metros en aguas abiertas, desde la playa de Melenara hasta Salinetas, pasando por Taliarte.<\/p>\n<p><a href=\"https:\/\/travsalinetas.trackingsport.com\/events\/modalidades.xhtml\">https:\/\/travsalinetas.trackingsport.com\/events\/modalidades.xhtml<\/a><\/p>\n<p>El plazo de inscripci\u00f3n est\u00e1 abierto hasta este viernes, 4 de septiembre, o hasta agotar las 300 plazas disponibles. Las solicitudes se formalizan a trav\u00e9s de la web <em>deportes.telde.es<\/em>, con un m\u00e1ximo de una inscripci\u00f3n por persona. La edad m\u00ednima para participar es de 14 a\u00f1os, y pueden inscribirse tanto nadadores federados como no federados.<\/p>\n<p>El concejal Cristhian Santana destaca que \u00abla recuperaci\u00f3n de esta prueba despu\u00e9s de ocho a\u00f1os es una gran noticia para Telde y para los amantes de la nataci\u00f3n en aguas abiertas. Queremos que vuelva a ocupar el lugar que merece en el calendario deportivo del municipio y que podamos seguir consolid\u00e1ndola\u00bb.<\/p>\n<p>Santana anima a participar y se\u00f1ala que \u00abinvitamos tanto a nadadores con experiencia en aguas abiertas como a quienes quieran afrontar este reto, siempre con responsabilidad y la preparaci\u00f3n f\u00edsica necesaria para completar el recorrido con garant\u00edas\u00bb.<\/p>\n<p>La prueba mantiene su car\u00e1cter gratuito y solidario: cada participante deber\u00e1 aportar un kilogramo de alimentos no perecederos al retirar el dorsal-chip y el gorro, entre las 8.30 y las 10.00 horas del domingo. Los productos se destinar\u00e1n a C\u00e1ritas Diocesana de Canarias.<\/p>\n<p>\u00abQueremos que esta traves\u00eda sea mucho m\u00e1s que una competici\u00f3n. El deporte es una herramienta de convivencia, participaci\u00f3n y solidaridad, y esta iniciativa permite que el esfuerzo de cada participante tenga un impacto positivo en otras personas\u00bb, subraya Santana.<\/p>\n<p>La organizaci\u00f3n ha preparado un dispositivo con se\u00f1alizaci\u00f3n de boyas, control de tiempos mediante chip, asistencia en el mar y cobertura de seguros. Los tres primeros clasificados de la general masculina y femenina recibir\u00e1n trofeo, mientras que todos los que completen el recorrido obtendr\u00e1n un obsequio conmemorativo.<\/p>\n<p>Desde la Concejal\u00eda se recuerda que, al tratarse de una prueba en aguas abiertas, es imprescindible contar con una preparaci\u00f3n f\u00edsica adecuada y las condiciones necesarias para afrontar el recorrido con seguridad.<\/p>\n<p>Para m\u00e1s informaci\u00f3n, se puede contactar con la Concejal\u00eda en el tel\u00e9fono 928 139 050 (extensiones 31914 y 31903) o consultar sus canales oficiales.<\/p>\n","protected":false},"excerpt":{"rendered":"<p>https:\/\/www.telde.es\/wp-content\/uploads\/2026\/09\/noticia713.jpgTelde, a 2 de septiembre de 2026. El litoral de Telde volver\u00e1 a acoger este domingo, 6 de septiembre, una de sus grandes citas deportivas con la celebraci\u00f3n de la&hellip;<\/p>\n","protected":false},"author":1,"featured_media":19013,"comment_status":"open","ping_status":"open","sticky":false,"template":"","format":"standard","meta":{"wpai_generated_summary":"","wpai_meta_description":"","footnotes":""},"categories":[140],"tags":[],"class_list":["post-19012","post","type-post","status-publish","format-standard","has-post-thumbnail","hentry","category-ayuntamiento-de-telde"],"_links":{"self":[{"href":"https:\/\/nublo.tv\/index.php\/wp-json\/wp\/v2\/posts\/19012","targetHints":{"allow":["GET"]}}],"collection":[{"href":"https:\/\/nublo.tv\/index.php\/wp-json\/wp\/v2\/posts"}],"about":[{"href":"https:\/\/nublo.tv\/index.php\/wp-json\/wp\/v2\/types\/post"}],"author":[{"embeddable":true,"href":"https:\/\/nublo.tv\/index.php\/wp-json\/wp\/v2\/users\/1"}],"replies":[{"embeddable":true,"href":"https:\/\/nublo.tv\/index.php\/wp-json\/wp\/v2\/comments?post=19012"}],"version-history":[{"count":3,"href":"https:\/\/nublo.tv\/index.php\/wp-json\/wp\/v2\/posts\/19012\/revisions"}],"predecessor-version":[{"id":19059,"href":"https:\/\/nublo.tv\/index.php\/wp-json\/wp\/v2\/posts\/19012\/revisions\/19059"}],"wp:featuredmedia":[{"embeddable":true,"href":"https:\/\/nublo.tv\/index.php\/wp-json\/wp\/v2\/media\/19013"}],"wp:attachment":[{"href":"https:\/\/nublo.tv\/index.php\/wp-json\/wp\/v2\/media?parent=19012"}],"wp:term":[{"taxonomy":"category","embeddable":true,"href":"https:\/\/nublo.tv\/index.php\/wp-json\/wp\/v2\/categories?post=19012"},{"taxonomy":"post_tag","embeddable":true,"href":"https:\/\/nublo.tv\/index.php\/wp-json\/wp\/v2\/tags?post=19012"}],"curies":[{"name":"wp","href":"https:\/\/api.w.org\/{rel}","templated":true}]}}