{"id":19018,"date":"2026-09-02T13:13:11","date_gmt":"2026-09-02T12:13:11","guid":{"rendered":"https:\/\/nublo.tv\/?p=19018"},"modified":"2026-09-02T13:13:11","modified_gmt":"2026-09-02T12:13:11","slug":"club-de-mayores-de-sardina-ofrece-taller-de-roll-on-con-aceites-esenciales","status":"publish","type":"post","link":"https:\/\/nublo.tv\/index.php\/2026\/09\/02\/club-de-mayores-de-sardina-ofrece-taller-de-roll-on-con-aceites-esenciales\/","title":{"rendered":"Club de Mayores de Sardina ofrece taller de roll on con aceites esenciales"},"content":{"rendered":"<p><strong>El Club de Mayores Estrella del Norte de Sardina celebrar\u00e1 el martes 15 de septiembre a las 16:30 horas un taller para aprender a elaborar un roll on con aceites esenciales, organizado por la Concejal\u00eda de Clubes de Mayores del Ayuntamiento de G\u00e1ldar, dirigida por Antonio Mar\u00eda Ben\u00edtez Meli\u00e1n.<\/strong><\/p>\n<p>El taller est\u00e1 dirigido a socios y socias de los clubes de mayores del municipio y dispone de plazas limitadas. Los participantes conocer\u00e1n las propiedades y beneficios de los aceites esenciales y aprender\u00e1n a preparar distintos roll on para su uso personal.<\/p>\n<p>La actividad forma parte del programa de la Concejal\u00eda que busca combinar aprendizaje, entretenimiento y convivencia para fomentar un envejecimiento activo y la participaci\u00f3n de las personas mayores.<\/p>\n<p>Las inscripciones se realizar\u00e1n de forma presencial e individual el mi\u00e9rcoles 9 de septiembre, entre las 10:00 y las 11:30 horas, en el Club de Mayores Estrella del Norte de Sardina, ubicado en la calle Severo Ochoa, n\u00ba 90.<\/p>\n<p>La Concejal\u00eda anima a los socios y socias a inscribirse y aprovechar la oportunidad de descubrir las posibilidades de los aceites esenciales mediante una actividad pr\u00e1ctica y participativa.<\/p>\n","protected":false},"excerpt":{"rendered":"<p>La Concejal\u00eda de Clubes de Mayores del Ayuntamiento de G\u00e1ldar, que dirige Antonio Mar\u00eda Ben\u00edtez Meli\u00e1n, organiza el pr\u00f3ximo martes 15 de septiembre, a las 16:30 horas, un taller para&hellip;<\/p>\n","protected":false},"author":1,"featured_media":19024,"comment_status":"open","ping_status":"open","sticky":false,"template":"","format":"standard","meta":{"wpai_generated_summary":"","wpai_meta_description":"","footnotes":""},"categories":[129],"tags":[],"class_list":["post-19018","post","type-post","status-publish","format-standard","has-post-thumbnail","hentry","category-ayuntamiento-de-galdar"],"_links":{"self":[{"href":"https:\/\/nublo.tv\/index.php\/wp-json\/wp\/v2\/posts\/19018","targetHints":{"allow":["GET"]}}],"collection":[{"href":"https:\/\/nublo.tv\/index.php\/wp-json\/wp\/v2\/posts"}],"about":[{"href":"https:\/\/nublo.tv\/index.php\/wp-json\/wp\/v2\/types\/post"}],"author":[{"embeddable":true,"href":"https:\/\/nublo.tv\/index.php\/wp-json\/wp\/v2\/users\/1"}],"replies":[{"embeddable":true,"href":"https:\/\/nublo.tv\/index.php\/wp-json\/wp\/v2\/comments?post=19018"}],"version-history":[{"count":2,"href":"https:\/\/nublo.tv\/index.php\/wp-json\/wp\/v2\/posts\/19018\/revisions"}],"predecessor-version":[{"id":19023,"href":"https:\/\/nublo.tv\/index.php\/wp-json\/wp\/v2\/posts\/19018\/revisions\/19023"}],"wp:featuredmedia":[{"embeddable":true,"href":"https:\/\/nublo.tv\/index.php\/wp-json\/wp\/v2\/media\/19024"}],"wp:attachment":[{"href":"https:\/\/nublo.tv\/index.php\/wp-json\/wp\/v2\/media?parent=19018"}],"wp:term":[{"taxonomy":"category","embeddable":true,"href":"https:\/\/nublo.tv\/index.php\/wp-json\/wp\/v2\/categories?post=19018"},{"taxonomy":"post_tag","embeddable":true,"href":"https:\/\/nublo.tv\/index.php\/wp-json\/wp\/v2\/tags?post=19018"}],"curies":[{"name":"wp","href":"https:\/\/api.w.org\/{rel}","templated":true}]}}