{"id":1902,"date":"2026-08-06T14:46:41","date_gmt":"2026-08-06T13:46:41","guid":{"rendered":"https:\/\/nublo.tv\/?p=1902"},"modified":"2026-08-20T00:48:03","modified_gmt":"2026-08-19T23:48:03","slug":"el-emotivo-camino-de-fe-de-la-procesion-del-encuentro-abarrota-las-calles-de-agaete","status":"publish","type":"post","link":"https:\/\/nublo.tv\/index.php\/2026\/08\/06\/el-emotivo-camino-de-fe-de-la-procesion-del-encuentro-abarrota-las-calles-de-agaete\/","title":{"rendered":"El emotivo camino de fe de la Procesi\u00f3n del Encuentro abarrota las calles de Agaete"},"content":{"rendered":"<p>Agaete ha vuelto hoy a llenar las calles para celebrar la Procesi\u00f3n del Encuentro, un emotivo camino de devoci\u00f3n, fe y tradici\u00f3n que une el Puerto de Las Nieves y el casco de la Villa en la reuni\u00f3n de las im\u00e1genes de San Jos\u00e9 y Nuestra Se\u00f1ora de Las Nieves.<\/p>\n<p>Tras las eucarist\u00edas simult\u00e1neas en la ermita de Las Nieves y la iglesia de la Concepci\u00f3n, vecinos\/as y visitantes han abarrotado las v\u00edas que unen el pueblo con el mar para acompa\u00f1ar a Nuestra Se\u00f1ora de Las Nieves y a San Jos\u00e9 en su uni\u00f3n anual. Una comitiva siempre fiel, reyunos\/as, Corporaci\u00f3n municipal, autoridades civiles y eclesi\u00e1sticas, la Unidad de Seguridad de Canarias (USCAN) de la Armada, feligreses\/as y visitantes llegados desde todos los rincones de la isla han acompa\u00f1ado a ambas im\u00e1genes al ritmo de la Agrupaci\u00f3n Musical Guayedra y la Banda de Agaete, llenando de vida y emoci\u00f3n uno de los d\u00edas grandes del municipio.<\/p>\n<p>En su d\u00eda, Nuestra Se\u00f1ora de Las Nieves cambia su hogar para compartir la iglesia de la Concepci\u00f3n con San Jos\u00e9, en una jornada que supone una manifestaci\u00f3n donde la fe se hace camino, literalmente, entre el casco y el Puerto de Las Nieves. En el punto donde ambas figuras se cruzan, entre reverencias solemnes, el pueblo ha estallado en aplausos y v\u00edtores, entreg\u00e1ndose en un momento de fe profunda y devoci\u00f3n compartida.<\/p>\n<p>El 5 de agosto no solo es una cita emotiva para los\/as agaetenses, es tambi\u00e9n un d\u00eda de encuentro en todos los sentidos. Cumpliendo promesas, con pies descalzos, familias enteras, vecinos\/as y feligreses de todas las generaciones, amigos que se reencuentran tras tiempo sin verse, abrazos y l\u00e1grimas de agradecimiento han sido protagonistas hoy, con gritos al cielo de \u00ab\u00a1Viva la Virgen de Las Nieves!\u00bb a los que han respondido cientos de voces. Los reyunos\/as, fieles acompa\u00f1antes de Nuestra Se\u00f1ora de Las Nieves, han cantado el himno, uniendo a un pueblo en un amor que trasciende lo religioso.<\/p>\n<p>Tras la sonora traca en la Plaza de la Constituci\u00f3n, contin\u00faa un d\u00eda tradicional en Agaete para disfrutar entre vecinos\/as de forma m\u00e1s \u00edntima y cercana, con una tarde que se prev\u00e9 larga, llena de m\u00fasica y con el mejor ambiente. El pueblo vuelve hoy a tomar la calle, con varias horas de tardeo por delante hasta la gran verbena con New Sabrosa Band y Armon\u00eda Show, con la que el programa de las fiestas llega a su ecuador.<\/p>\n","protected":false},"excerpt":{"rendered":"<p>Agaete ha vuelto hoy a llenar las calles para celebrar la Procesi\u00f3n del Encuentro, un emotivo camino de devoci\u00f3n, fe y tradici\u00f3n que une el Puerto<\/p>\n","protected":false},"author":1,"featured_media":1924,"comment_status":"open","ping_status":"open","sticky":false,"template":"","format":"standard","meta":{"wpai_generated_summary":"","wpai_meta_description":"","footnotes":""},"categories":[124],"tags":[],"class_list":["post-1902","post","type-post","status-publish","format-standard","has-post-thumbnail","hentry","category-ayuntamiento-de-agaete"],"_links":{"self":[{"href":"https:\/\/nublo.tv\/index.php\/wp-json\/wp\/v2\/posts\/1902","targetHints":{"allow":["GET"]}}],"collection":[{"href":"https:\/\/nublo.tv\/index.php\/wp-json\/wp\/v2\/posts"}],"about":[{"href":"https:\/\/nublo.tv\/index.php\/wp-json\/wp\/v2\/types\/post"}],"author":[{"embeddable":true,"href":"https:\/\/nublo.tv\/index.php\/wp-json\/wp\/v2\/users\/1"}],"replies":[{"embeddable":true,"href":"https:\/\/nublo.tv\/index.php\/wp-json\/wp\/v2\/comments?post=1902"}],"version-history":[{"count":1,"href":"https:\/\/nublo.tv\/index.php\/wp-json\/wp\/v2\/posts\/1902\/revisions"}],"predecessor-version":[{"id":1915,"href":"https:\/\/nublo.tv\/index.php\/wp-json\/wp\/v2\/posts\/1902\/revisions\/1915"}],"wp:featuredmedia":[{"embeddable":true,"href":"https:\/\/nublo.tv\/index.php\/wp-json\/wp\/v2\/media\/1924"}],"wp:attachment":[{"href":"https:\/\/nublo.tv\/index.php\/wp-json\/wp\/v2\/media?parent=1902"}],"wp:term":[{"taxonomy":"category","embeddable":true,"href":"https:\/\/nublo.tv\/index.php\/wp-json\/wp\/v2\/categories?post=1902"},{"taxonomy":"post_tag","embeddable":true,"href":"https:\/\/nublo.tv\/index.php\/wp-json\/wp\/v2\/tags?post=1902"}],"curies":[{"name":"wp","href":"https:\/\/api.w.org\/{rel}","templated":true}]}}