{"id":19043,"date":"2026-09-02T17:11:24","date_gmt":"2026-09-02T16:11:24","guid":{"rendered":"https:\/\/nublo.tv\/?p=19043"},"modified":"2026-09-02T17:11:24","modified_gmt":"2026-09-02T16:11:24","slug":"el-ayuntamiento-presenta-a-los-colectivos-sociales-el-plan-estrategico-de-subvenciones","status":"publish","type":"post","link":"https:\/\/nublo.tv\/index.php\/2026\/09\/02\/el-ayuntamiento-presenta-a-los-colectivos-sociales-el-plan-estrategico-de-subvenciones\/","title":{"rendered":"El Ayuntamiento presenta a los colectivos sociales el Plan Estrat\u00e9gico de Subvenciones"},"content":{"rendered":"<div class=\"post-wrapper\">\n<div class=\"post-body\"><\/div>\n<div class=\"row-navigation-content-block row-container\">\n<div id=\"row-unique-1\" class=\"vc_row style-color-xsdn-bg row-container\" data-parent=\"true\">\n<div class=\"row limit-width row-parent\">\n<div class=\"wpb_row row-inner\">\n<div class=\"wpb_column pos-top pos-center align_left column_parent col-lg-12 single-internal-gutter\">\n<div class=\"uncol style-light\">\n<div class=\"uncoltable\">\n<div class=\"uncell no-block-padding\">\n<div class=\"uncont\">\n<div class=\"uncode_text_column\">\n<div class=\"news-navigation\" style=\"display: grid;grid-template-columns: 1fr 1fr;gap: 20px;margin: 40px 0\">\n<p>El Ayuntamiento de Santa Luc\u00eda de Tirajana convoc\u00f3 este mi\u00e9rcoles una reuni\u00f3n con organizaciones no gubernamentales, colectivos sociales y asociaciones de madres y padres (AMPAS) para explicarles las bases del Plan Estrat\u00e9gico de Subvenciones. Desde el pr\u00f3ximo lunes 7 de septiembre hasta el 27 del mismo mes estar\u00e1 abierto el plazo para la presentaci\u00f3n de las solicitudes en la sede electr\u00f3nica de la C\u00e1mara de Comercio de Gran Canaria, entidad colabora para gestionar la concesiones de subvenciones con cargo al presupuesto municipal.<\/p>\n<p>En la reuni\u00f3n celebrada en el sal\u00f3n de actos de las oficinas municipales el alcalde Francisco Garc\u00eda agradeci\u00f3 a \u201clas organizaciones vecinales, colectivos sociales, organizaciones no gubernamentales y AMPAS que han venido por el trabajo que realizan durante todo el a\u00f1o, porque ustedes hacen una labor sin \u00e1nimo de lucro, que llega a sectores que la administraci\u00f3n no llega\u201d. \u201cDesde el Ayuntamiento damos estas subvenciones para que puedan realizar las diferentes actividades que contribuyen al bienestar de la ciudadan\u00eda de nuestro municipio\u201d.<\/p>\n<p>La concejala de Participaci\u00f3n Ciudadana Arminda Santana explic\u00f3 que \u201cla C\u00e1mara de Comercio de Gran Canaria como entidad colaboradora nos ayuda a tramitar las subvenciones, y desde el 7 al 27 de septiembre habr\u00e1 un tel\u00e9fono y una persona preparada para asesorarles y responderles a cualquier consulta que deseen realizar para poder presentar la solicitud de las subvenciones\u201d. El concejal de Educaci\u00f3n Mario Bord\u00f3n les dio \u201cla bienvenida a este nuevo curso a las AMPAS y a todos los colectivos sociales, toca seguir trabajando desde los diferentes \u00e1mbitos en los que ustedes est\u00e1n\u201d.<\/p>\n<p>Una representante de la C\u00e1mara de Comercio explic\u00f3 las bases de la convocatoria de subvenciones municipales de este a\u00f1o. Las ayudas contemplan apoyo para la realizaci\u00f3n de las actividades de los colectivos vecinales, AMPAS y ongs. Tambi\u00e9n se apoyan, entre otros, \u00a0los gastos de funcionamiento,\u00a0 la compra de equipamientos, transportes, actividades de formaci\u00f3n, gastos bancarios o de seguros.<\/p>\n<p>Aunque el plazo de presentaci\u00f3n comienza el pr\u00f3ximo lunes 7 de septiembre, esta semana se enviar\u00e1n a las diferentes organizaciones sociales, vecinales y educativas los modelos de solicitud y las bases de las subvenciones que fueron explicadas en la reuni\u00f3n de este mi\u00e9rcoles. Existen unos l\u00edmites de las cantidades que se dan, seg\u00fan qu\u00e9 tipo de gastos sean. En las justificaciones de los pagos siempre ser\u00e1 mejor si se hacen por transferencia bancaria. El \u00a0Plan Estrat\u00e9gico de Subvenciones est\u00e1 destinado a actividades que se han realizado o vayan a realizar entre el 1 de enero y el 31 de diciembre del a\u00f1o 2026.<\/p>\n<p>&nbsp;<\/p>\n<\/div>\n<\/div>\n<\/div>\n<\/div>\n<\/div>\n<\/div>\n<\/div>\n<\/div>\n<\/div>\n<\/div>\n<\/div>\n<\/div>\n","protected":false},"excerpt":{"rendered":"<p>El Ayuntamiento de Santa Luc\u00eda de Tirajana convoc\u00f3 este mi\u00e9rcoles una reuni\u00f3n con organizaciones no gubernamentales, colectivos sociales y asociaciones de madres y padres (AMPAS) para explicarles las bases del Plan Estrat\u00e9gico de Subvenciones. Desde el pr\u00f3ximo lunes 7 de septiembre hasta el 27 del mismo mes estar\u00e1 abierto el plazo para la presentaci\u00f3n de [&hellip;]<\/p>\n","protected":false},"author":1,"featured_media":19044,"comment_status":"open","ping_status":"open","sticky":false,"template":"","format":"standard","meta":{"wpai_generated_summary":"","wpai_meta_description":"","footnotes":""},"categories":[137],"tags":[],"class_list":["post-19043","post","type-post","status-publish","format-standard","has-post-thumbnail","hentry","category-ayuntamiento-de-santa-lucia-de-tirajana"],"_links":{"self":[{"href":"https:\/\/nublo.tv\/index.php\/wp-json\/wp\/v2\/posts\/19043","targetHints":{"allow":["GET"]}}],"collection":[{"href":"https:\/\/nublo.tv\/index.php\/wp-json\/wp\/v2\/posts"}],"about":[{"href":"https:\/\/nublo.tv\/index.php\/wp-json\/wp\/v2\/types\/post"}],"author":[{"embeddable":true,"href":"https:\/\/nublo.tv\/index.php\/wp-json\/wp\/v2\/users\/1"}],"replies":[{"embeddable":true,"href":"https:\/\/nublo.tv\/index.php\/wp-json\/wp\/v2\/comments?post=19043"}],"version-history":[{"count":2,"href":"https:\/\/nublo.tv\/index.php\/wp-json\/wp\/v2\/posts\/19043\/revisions"}],"predecessor-version":[{"id":19150,"href":"https:\/\/nublo.tv\/index.php\/wp-json\/wp\/v2\/posts\/19043\/revisions\/19150"}],"wp:featuredmedia":[{"embeddable":true,"href":"https:\/\/nublo.tv\/index.php\/wp-json\/wp\/v2\/media\/19044"}],"wp:attachment":[{"href":"https:\/\/nublo.tv\/index.php\/wp-json\/wp\/v2\/media?parent=19043"}],"wp:term":[{"taxonomy":"category","embeddable":true,"href":"https:\/\/nublo.tv\/index.php\/wp-json\/wp\/v2\/categories?post=19043"},{"taxonomy":"post_tag","embeddable":true,"href":"https:\/\/nublo.tv\/index.php\/wp-json\/wp\/v2\/tags?post=19043"}],"curies":[{"name":"wp","href":"https:\/\/api.w.org\/{rel}","templated":true}]}}