{"id":19047,"date":"2026-09-02T17:11:30","date_gmt":"2026-09-02T16:11:30","guid":{"rendered":"https:\/\/nublo.tv\/?p=19047"},"modified":"2026-09-02T17:11:30","modified_gmt":"2026-09-02T16:11:30","slug":"el-ud-las-palmas-trabaja-en-clave-tactica-antes-del-partido-contra-el-cd-leganes","status":"publish","type":"post","link":"https:\/\/nublo.tv\/index.php\/2026\/09\/02\/el-ud-las-palmas-trabaja-en-clave-tactica-antes-del-partido-contra-el-cd-leganes\/","title":{"rendered":"El UD Las Palmas trabaja en clave t\u00e1ctica antes del partido contra el CD Legan\u00e9s"},"content":{"rendered":"<p><strong>El UD Las Palmas realiz\u00f3 este mi\u00e9rcoles una sesi\u00f3n centrada en el trabajo t\u00e1ctico de cara al partido contra el CD Legan\u00e9s.<\/strong><\/p>\n<p>El cuerpo t\u00e9cnico incidi\u00f3 en diferentes conceptos para preparar el encuentro frente al conjunto madrile\u00f1o.<\/p>\n<p>El director deportivo, Enrique Clemente, analiz\u00f3 el momento del equipo y las claves del pr\u00f3ximo partido durante una rueda de prensa en la Ciudad Deportiva.<\/p>\n<p>La plantilla volver\u00e1 a entrenar este jueves en la \u00faltima sesi\u00f3n antes del choque. Antes, el entrenador, Rub\u00e9n de la Barrera, comparecer\u00e1 ante los medios a las 9:30 horas.<\/p>\n","protected":false},"excerpt":{"rendered":"<p>La sesi\u00f3n de este mi\u00e9rcoles estuvo especialmente enfocada en el trabajo t\u00e1ctico, con el cuerpo t\u00e9cnico incidiendo en diferentes conceptos de cara al encuentro frente al conjunto madrile\u00f1o. Durante la&hellip;<\/p>\n","protected":false},"author":1,"featured_media":19157,"comment_status":"open","ping_status":"open","sticky":false,"template":"","format":"standard","meta":{"wpai_generated_summary":"","wpai_meta_description":"","footnotes":""},"categories":[122],"tags":[],"class_list":["post-19047","post","type-post","status-publish","format-standard","has-post-thumbnail","hentry","category-deportes"],"_links":{"self":[{"href":"https:\/\/nublo.tv\/index.php\/wp-json\/wp\/v2\/posts\/19047","targetHints":{"allow":["GET"]}}],"collection":[{"href":"https:\/\/nublo.tv\/index.php\/wp-json\/wp\/v2\/posts"}],"about":[{"href":"https:\/\/nublo.tv\/index.php\/wp-json\/wp\/v2\/types\/post"}],"author":[{"embeddable":true,"href":"https:\/\/nublo.tv\/index.php\/wp-json\/wp\/v2\/users\/1"}],"replies":[{"embeddable":true,"href":"https:\/\/nublo.tv\/index.php\/wp-json\/wp\/v2\/comments?post=19047"}],"version-history":[{"count":3,"href":"https:\/\/nublo.tv\/index.php\/wp-json\/wp\/v2\/posts\/19047\/revisions"}],"predecessor-version":[{"id":19156,"href":"https:\/\/nublo.tv\/index.php\/wp-json\/wp\/v2\/posts\/19047\/revisions\/19156"}],"wp:featuredmedia":[{"embeddable":true,"href":"https:\/\/nublo.tv\/index.php\/wp-json\/wp\/v2\/media\/19157"}],"wp:attachment":[{"href":"https:\/\/nublo.tv\/index.php\/wp-json\/wp\/v2\/media?parent=19047"}],"wp:term":[{"taxonomy":"category","embeddable":true,"href":"https:\/\/nublo.tv\/index.php\/wp-json\/wp\/v2\/categories?post=19047"},{"taxonomy":"post_tag","embeddable":true,"href":"https:\/\/nublo.tv\/index.php\/wp-json\/wp\/v2\/tags?post=19047"}],"curies":[{"name":"wp","href":"https:\/\/api.w.org\/{rel}","templated":true}]}}