{"id":19049,"date":"2026-09-02T17:11:36","date_gmt":"2026-09-02T16:11:36","guid":{"rendered":"https:\/\/nublo.tv\/?p=19049"},"modified":"2026-09-02T17:11:36","modified_gmt":"2026-09-02T16:11:36","slug":"la-cantera-de-la-ud-las-palmas-actualiza-sus-conocimientos-sobre-las-reglas-de-juego-para-la-temporada-2026-27","status":"publish","type":"post","link":"https:\/\/nublo.tv\/index.php\/2026\/09\/02\/la-cantera-de-la-ud-las-palmas-actualiza-sus-conocimientos-sobre-las-reglas-de-juego-para-la-temporada-2026-27\/","title":{"rendered":"La Cantera de la UD Las Palmas actualiza sus conocimientos sobre las Reglas de Juego para la temporada 2026\/27"},"content":{"rendered":"<p><strong>La Sala de Prensa del Gran Canaria Arena acogi\u00f3 una jornada de formaci\u00f3n sobre las Reglas de Juego 2026\/27 para los equipos de la Cantera de la UD Las Palmas.<\/strong><\/p>\n<p>En la sesi\u00f3n participaron las plantillas y cuerpos t\u00e9cnicos de Las Palmas Atl\u00e9tico, Las Palmas C y Juvenil A, adem\u00e1s de todos los delegados de la Cantera, con el objetivo de conocer las novedades de la normativa y analizar supuestos pr\u00e1cticos.<\/p>\n<p>La jornada cont\u00f3 con la intervenci\u00f3n de los \u00e1rbitros canarios de Segunda Federaci\u00f3n C\u00e1ndido Rodr\u00edguez y Jos\u00e9 Mar\u00eda Soriano, junto a Tom\u00e1s Alfonso, profesor de Reglas de Juego de la Cantera.<\/p>\n<p>Durante la actividad se repasaron aspectos clave de la normativa, con especial atenci\u00f3n a las sanciones por p\u00e9rdidas de tiempo, las situaciones durante los partidos y la correcta interpretaci\u00f3n de las reglas.<\/p>\n<p>Manuel Rodr\u00edguez \u2018Tonono\u2019, director de Formaci\u00f3n y Captaci\u00f3n de la UD Las Palmas, acompa\u00f1\u00f3 a los asistentes en esta jornada formativa.<\/p>\n<p>La iniciativa busca que jugadores, t\u00e9cnicos y delegados comiencen la temporada con los conocimientos actualizados y refuercen la importancia del cumplimiento de las Reglas de Juego en su proceso formativo.<\/p>\n","protected":false},"excerpt":{"rendered":"<p>La Sala de Prensa del Gran Canaria Arena acogi\u00f3 una jornada de formaci\u00f3n y actualizaci\u00f3n sobre las Reglas de Juego 2026\/27, dirigida a los equipos de la Cantera de la&hellip;<\/p>\n","protected":false},"author":1,"featured_media":19159,"comment_status":"open","ping_status":"open","sticky":false,"template":"","format":"standard","meta":{"wpai_generated_summary":"","wpai_meta_description":"","footnotes":""},"categories":[122],"tags":[],"class_list":["post-19049","post","type-post","status-publish","format-standard","has-post-thumbnail","hentry","category-deportes"],"_links":{"self":[{"href":"https:\/\/nublo.tv\/index.php\/wp-json\/wp\/v2\/posts\/19049","targetHints":{"allow":["GET"]}}],"collection":[{"href":"https:\/\/nublo.tv\/index.php\/wp-json\/wp\/v2\/posts"}],"about":[{"href":"https:\/\/nublo.tv\/index.php\/wp-json\/wp\/v2\/types\/post"}],"author":[{"embeddable":true,"href":"https:\/\/nublo.tv\/index.php\/wp-json\/wp\/v2\/users\/1"}],"replies":[{"embeddable":true,"href":"https:\/\/nublo.tv\/index.php\/wp-json\/wp\/v2\/comments?post=19049"}],"version-history":[{"count":3,"href":"https:\/\/nublo.tv\/index.php\/wp-json\/wp\/v2\/posts\/19049\/revisions"}],"predecessor-version":[{"id":19158,"href":"https:\/\/nublo.tv\/index.php\/wp-json\/wp\/v2\/posts\/19049\/revisions\/19158"}],"wp:featuredmedia":[{"embeddable":true,"href":"https:\/\/nublo.tv\/index.php\/wp-json\/wp\/v2\/media\/19159"}],"wp:attachment":[{"href":"https:\/\/nublo.tv\/index.php\/wp-json\/wp\/v2\/media?parent=19049"}],"wp:term":[{"taxonomy":"category","embeddable":true,"href":"https:\/\/nublo.tv\/index.php\/wp-json\/wp\/v2\/categories?post=19049"},{"taxonomy":"post_tag","embeddable":true,"href":"https:\/\/nublo.tv\/index.php\/wp-json\/wp\/v2\/tags?post=19049"}],"curies":[{"name":"wp","href":"https:\/\/api.w.org\/{rel}","templated":true}]}}