{"id":1905,"date":"2026-08-06T14:48:06","date_gmt":"2026-08-06T13:48:06","guid":{"rendered":"https:\/\/nublo.tv\/?p=1905"},"modified":"2026-08-06T14:48:06","modified_gmt":"2026-08-06T13:48:06","slug":"la-fcf-da-a-conocer-el-calendario-del-grupo-xii-de-tercera-federacion-para-la-temporada-2026-2027","status":"publish","type":"post","link":"https:\/\/nublo.tv\/index.php\/2026\/08\/06\/la-fcf-da-a-conocer-el-calendario-del-grupo-xii-de-tercera-federacion-para-la-temporada-2026-2027\/","title":{"rendered":"La FCF da a conocer el calendario del Grupo XII de Tercera Federaci\u00f3n para la temporada 2026\/2027"},"content":{"rendered":"<div><img decoding=\"async\" style=\"width: 100%;\" src=\"https:\/\/files.fiflp.com\/pnfg\/img\/web_responsive_2\/ESP\/logotipo.jpg\" \/><\/p>\n<div>Dieciocho equipos integran un grupo canario, que dar\u00e1 comienzo el 5 de septiembre y que se extender\u00e1 hasta el mes de mayo &#8211; Federaci\u00f3n de F\u00fatbol de Las Palmas<\/div>\n<\/div>\n<p>Dieciocho equipos integran un grupo canario, que dar\u00e1 comienzo el 5 de septiembre y que se extender\u00e1 hasta el mes de mayo<br \/>\nLa Federaci\u00f3n Canaria de F\u00fatbol (FCF) ha publicado el calendario oficial del Grupo XII de Tercera Federaci\u00f3n para la temporada 2026\/2027. La competici\u00f3n para los equipos canarios de la quinta categor\u00eda del f\u00fatbol espa\u00f1ol comenzar\u00e1 el 5 de septiembre, contar\u00e1 con un total de 34 jornadas, y concluir\u00e1 el 9 de mayo.<\/p>\n<p>Los enfrentamientos de la primera jornada son los siguientes:<\/p>\n<p>C.F. Panader\u00eda Pulido San Mateo \u2013 C.D. Mensajero (05\/09\/2026 \u2013 12:00 horas \u2013 Municipal de la Vega de San Mateo)<br \/>\nC.D. Tenerife C \u2013 U.D. Villa de Santa Br\u00edgida (05\/09\/2026 \u2013 16:00 horas \u2013 Ciudad Deportiva de Tenerife Javier P\u00e9rez)<br \/>\nU.D. Los Llanos Aridane \u2013 C.D. Marino (05\/09\/2026 \u2013 17:00 horas \u2013 Municipal de Acer\u00f3)<br \/>\nU.D. Las Palmas C \u2013 C.D. Laguna (05\/09\/2026 \u2013 17:00 horas \u2013 Anexo Estadio Gran Canaria)<br \/>\nC.F. San Bartolom\u00e9 \u2013 U.D. Playas de Sotavento (05\/09\/2026 \u2013 17:00 horas \u2013 Pedro Espinosa de Le\u00f3n \u201cCol\u00f3n\u201d)<br \/>\nC.D. Tu Trebol San Miguel \u2013 Estrella C.F. (05\/09\/2026 \u2013 17:00 horas \u2013 Campo de F\u00fatbol San Miguel de Abona \u201cPaco Tejera\u201d)<br \/>\nU.D. A\u00f1aza \u2013 U.D. Lanzarote (05\/09\/2026 \u2013 17:00 horas \u2013 A\u00f1aza)<br \/>\nS.D. Villaverde Norte \u2013 C.D. Uni\u00f3n Sur Yaiza (05\/09\/2026 \u2013 17:30 horas \u2013 Municipal Villaverde \u201cDo\u00f1a Julita\u201d)<br \/>\nChatur San Fernando \u2013 Real Uni\u00f3n Tenerife S\/C (06\/09\/2026 \u2013 12:00 horas \u2013 Eleuterio Valer\u00f3n)<\/p>\n<p>La Junta Directiva de la FCF ha aprobado una propuesta de estructura competitiva que contempla cuatro descensos a la categor\u00eda Preferente y que deber\u00e1 ser ratificada por la Asamblea General de la FCF del pr\u00f3ximo d\u00eda 10 de agosto. En cuanto a los ascensos, el equipo con mejor derecho clasificatorio lograr\u00e1 el acceso directo a Segunda Federaci\u00f3n, mientras que los cuatro siguientes disputar\u00e1n un playoff de \u00e1mbito nacional desde la primera eliminatoria.<\/p>\n<p>Consulta el calendario completo del Grupo XII de Tercera Federaci\u00f3n, <a href=\"https:\/\/www.federacioncanariafutbol.es\/pnfg\/NPcd\/NFG_CmpJornada?cod_primaria=1000120&amp;CodCompeticion=903611911&amp;CodGrupo=903611912&amp;CodTemporada=22&amp;cod_agrupacion=&amp;CodJornada=1&amp;Sch_Tipo_Juego=\">AQU\u00cd<\/a><\/p>\n","protected":false},"excerpt":{"rendered":"<p>Dieciocho equipos integran un grupo canario, que dar\u00e1 comienzo el 5 de septiembre y que se extender\u00e1 hasta el mes de mayo &#8211; Federaci\u00f3n de F\u00fatbol de Las Palmas<\/p>\n","protected":false},"author":1,"featured_media":1906,"comment_status":"open","ping_status":"open","sticky":false,"template":"","format":"standard","meta":{"wpai_generated_summary":"","wpai_meta_description":"","footnotes":""},"categories":[122],"tags":[],"class_list":["post-1905","post","type-post","status-publish","format-standard","has-post-thumbnail","hentry","category-deportes"],"_links":{"self":[{"href":"https:\/\/nublo.tv\/index.php\/wp-json\/wp\/v2\/posts\/1905","targetHints":{"allow":["GET"]}}],"collection":[{"href":"https:\/\/nublo.tv\/index.php\/wp-json\/wp\/v2\/posts"}],"about":[{"href":"https:\/\/nublo.tv\/index.php\/wp-json\/wp\/v2\/types\/post"}],"author":[{"embeddable":true,"href":"https:\/\/nublo.tv\/index.php\/wp-json\/wp\/v2\/users\/1"}],"replies":[{"embeddable":true,"href":"https:\/\/nublo.tv\/index.php\/wp-json\/wp\/v2\/comments?post=1905"}],"version-history":[{"count":2,"href":"https:\/\/nublo.tv\/index.php\/wp-json\/wp\/v2\/posts\/1905\/revisions"}],"predecessor-version":[{"id":1923,"href":"https:\/\/nublo.tv\/index.php\/wp-json\/wp\/v2\/posts\/1905\/revisions\/1923"}],"wp:featuredmedia":[{"embeddable":true,"href":"https:\/\/nublo.tv\/index.php\/wp-json\/wp\/v2\/media\/1906"}],"wp:attachment":[{"href":"https:\/\/nublo.tv\/index.php\/wp-json\/wp\/v2\/media?parent=1905"}],"wp:term":[{"taxonomy":"category","embeddable":true,"href":"https:\/\/nublo.tv\/index.php\/wp-json\/wp\/v2\/categories?post=1905"},{"taxonomy":"post_tag","embeddable":true,"href":"https:\/\/nublo.tv\/index.php\/wp-json\/wp\/v2\/tags?post=1905"}],"curies":[{"name":"wp","href":"https:\/\/api.w.org\/{rel}","templated":true}]}}